{"id":12307,"date":"2019-03-27T10:41:06","date_gmt":"2019-03-27T10:41:06","guid":{"rendered":"http:\/\/blogdorogeriogomes.com.br\/?p=12307"},"modified":"2019-03-27T10:41:06","modified_gmt":"2019-03-27T10:41:06","slug":"fortaleza-busca-aperfeicoamento-na-gestao-da-escola-publica","status":"publish","type":"post","link":"https:\/\/blogdorogeriogomes.com.br\/noticias\/2019\/03\/fortaleza-busca-aperfeicoamento-na-gestao-da-escola-publica\/","title":{"rendered":"Fortaleza busca aperfei\u00e7oamento na gest\u00e3o da escola p\u00fablica"},"content":{"rendered":"<p><img loading=\"lazy\" decoding=\"async\" class=\"alignnone size-medium wp-image-12308\" src=\"http:\/\/blogdorogeriogomes.com.br\/wp-content\/uploads\/2019\/03\/projeto-integrac\u0327a\u0303o-patiohype1-300x200.jpeg\" alt=\"projeto-integrac\u0327a\u0303o-patiohype1\" width=\"300\" height=\"200\" srcset=\"https:\/\/blogdorogeriogomes.com.br\/noticias\/wp-content\/uploads\/2019\/03\/projeto-integrac\u0327a\u0303o-patiohype1-300x200.jpeg 300w, https:\/\/blogdorogeriogomes.com.br\/noticias\/wp-content\/uploads\/2019\/03\/projeto-integrac\u0327a\u0303o-patiohype1-768x512.jpeg 768w, https:\/\/blogdorogeriogomes.com.br\/noticias\/wp-content\/uploads\/2019\/03\/projeto-integrac\u0327a\u0303o-patiohype1.jpeg 900w\" sizes=\"auto, (max-width: 300px) 100vw, 300px\" \/><\/p>\n<p>Com o objetivo de aperfei\u00e7oamento da gest\u00e3o, visando resultados sustent\u00e1veis na Rede P\u00fablica Municipal de Ensino, o prefeito Roberto Cl\u00e1udio e a secret\u00e1ria da Educa\u00e7\u00e3o, Dalila Saldanha, em parceria com a Falconi Educa\u00e7\u00e3o e o Movimento Brasil Competitivo (MBC), se re\u00fanem nesta quarta-feira, dia 27 de mar\u00e7o, para debater o Projeto Mais Gest\u00e3o com foco no sistema de educa\u00e7\u00e3o e assinatura do Termo de Coopera\u00e7\u00e3o entre as institui\u00e7\u00f5es.<br \/>\nEntre os objetivos do Projeto est\u00e3o o alinhamento das metas de melhoria a serem desenvolvidas pela Rede de Ensino nos pr\u00f3ximos dois anos; otimiza\u00e7\u00e3o dos gastos com olhar de sustentabilidade nas escolas; amplia\u00e7\u00e3o da Rede em Tempo Integral em 40% em 2019 e 50% em 2020; valoriza\u00e7\u00e3o dos servidores e das escolas, por meio do aprendizado do m\u00e9todo e reconhecimento dos profissionais e escolas que se destacarem.<\/p>\n","protected":false},"excerpt":{"rendered":"<p>Com o objetivo de aperfei\u00e7oamento da gest\u00e3o, visando resultados sustent\u00e1veis na Rede P\u00fablica Municipal de Ensino, o prefeito Roberto Cl\u00e1udio e a secret\u00e1ria da Educa\u00e7\u00e3o, Dalila Saldanha, em parceria com a Falconi Educa\u00e7\u00e3o e o Movimento Brasil Competitivo (MBC), se re\u00fanem nesta quarta-feira, dia 27 de mar\u00e7o, para debater o Projeto Mais Gest\u00e3o com foco no sistema de educa\u00e7\u00e3o e assinatura do Termo de Coopera\u00e7\u00e3o entre as institui\u00e7\u00f5es. Entre os objetivos do Projeto est\u00e3o o alinhamento das metas de&hellip;<\/p>\n","protected":false},"author":1,"featured_media":0,"comment_status":"open","ping_status":"open","sticky":false,"template":"","format":"standard","meta":{"footnotes":""},"categories":[1],"tags":[],"class_list":["post-12307","post","type-post","status-publish","format-standard","hentry","category-noticias"],"_links":{"self":[{"href":"https:\/\/blogdorogeriogomes.com.br\/noticias\/wp-json\/wp\/v2\/posts\/12307","targetHints":{"allow":["GET"]}}],"collection":[{"href":"https:\/\/blogdorogeriogomes.com.br\/noticias\/wp-json\/wp\/v2\/posts"}],"about":[{"href":"https:\/\/blogdorogeriogomes.com.br\/noticias\/wp-json\/wp\/v2\/types\/post"}],"author":[{"embeddable":true,"href":"https:\/\/blogdorogeriogomes.com.br\/noticias\/wp-json\/wp\/v2\/users\/1"}],"replies":[{"embeddable":true,"href":"https:\/\/blogdorogeriogomes.com.br\/noticias\/wp-json\/wp\/v2\/comments?post=12307"}],"version-history":[{"count":1,"href":"https:\/\/blogdorogeriogomes.com.br\/noticias\/wp-json\/wp\/v2\/posts\/12307\/revisions"}],"predecessor-version":[{"id":12309,"href":"https:\/\/blogdorogeriogomes.com.br\/noticias\/wp-json\/wp\/v2\/posts\/12307\/revisions\/12309"}],"wp:attachment":[{"href":"https:\/\/blogdorogeriogomes.com.br\/noticias\/wp-json\/wp\/v2\/media?parent=12307"}],"wp:term":[{"taxonomy":"category","embeddable":true,"href":"https:\/\/blogdorogeriogomes.com.br\/noticias\/wp-json\/wp\/v2\/categories?post=12307"},{"taxonomy":"post_tag","embeddable":true,"href":"https:\/\/blogdorogeriogomes.com.br\/noticias\/wp-json\/wp\/v2\/tags?post=12307"}],"curies":[{"name":"wp","href":"https:\/\/api.w.org\/{rel}","templated":true}]}}