{"id":12311,"date":"2019-03-27T13:08:59","date_gmt":"2019-03-27T13:08:59","guid":{"rendered":"http:\/\/blogdorogeriogomes.com.br\/?p=12311"},"modified":"2019-03-27T13:08:59","modified_gmt":"2019-03-27T13:08:59","slug":"chuva-raios-e-trovoes-marcam-a-manha-de-quarta-feira-em-fortaleza","status":"publish","type":"post","link":"https:\/\/blogdorogeriogomes.com.br\/noticias\/2019\/03\/chuva-raios-e-trovoes-marcam-a-manha-de-quarta-feira-em-fortaleza\/","title":{"rendered":"Chuva, raios e trov\u00f5es marcam a manh\u00e3 de quarta-feira em Fortaleza"},"content":{"rendered":"<p><img loading=\"lazy\" decoding=\"async\" class=\"alignnone size-medium wp-image-12312\" src=\"http:\/\/blogdorogeriogomes.com.br\/wp-content\/uploads\/2019\/03\/IMG_20190327_100021_755-300x300.jpg\" alt=\"IMG_20190327_100021_755\" width=\"300\" height=\"300\" srcset=\"https:\/\/blogdorogeriogomes.com.br\/noticias\/wp-content\/uploads\/2019\/03\/IMG_20190327_100021_755-300x300.jpg 300w, https:\/\/blogdorogeriogomes.com.br\/noticias\/wp-content\/uploads\/2019\/03\/IMG_20190327_100021_755-150x150.jpg 150w, https:\/\/blogdorogeriogomes.com.br\/noticias\/wp-content\/uploads\/2019\/03\/IMG_20190327_100021_755-768x768.jpg 768w, https:\/\/blogdorogeriogomes.com.br\/noticias\/wp-content\/uploads\/2019\/03\/IMG_20190327_100021_755-1024x1024.jpg 1024w, https:\/\/blogdorogeriogomes.com.br\/noticias\/wp-content\/uploads\/2019\/03\/IMG_20190327_100021_755.jpg 1717w\" sizes=\"auto, (max-width: 300px) 100vw, 300px\" \/><\/p>\n<p>Come\u00e7ou a chover mais forte em Fortaleza por volta das 9 horas da manh\u00e3 desta quarta-feira, dia 27 de mar\u00e7o. Raios e trovoadas serviram para incrementar o clima chuvoso da Capital.<br \/>\nUm trecho da avenida Her\u00e1clito Gra\u00e7a, na Aldeota, foi rapidamente interditado pela AMC para o tr\u00e1fego de ve\u00edculos por causa de problemas de alagamento.<br \/>\nPara esta quarta-feira h\u00e1 previs\u00e3o de c\u00e9u nublado com chuva para todas as regi\u00f5es do Estado. Na ter\u00e7a-feira, dia 26, choveu 45 mil\u00edmetros em Fortaleza.<\/p>\n","protected":false},"excerpt":{"rendered":"<p>Come\u00e7ou a chover mais forte em Fortaleza por volta das 9 horas da manh\u00e3 desta quarta-feira, dia 27 de mar\u00e7o. Raios e trovoadas serviram para incrementar o clima chuvoso da Capital. Um trecho da avenida Her\u00e1clito Gra\u00e7a, na Aldeota, foi rapidamente interditado pela AMC para o tr\u00e1fego de ve\u00edculos por causa de problemas de alagamento. Para esta quarta-feira h\u00e1 previs\u00e3o de c\u00e9u nublado com chuva para todas as regi\u00f5es do Estado. Na ter\u00e7a-feira, dia 26, choveu 45 mil\u00edmetros em&hellip;<\/p>\n","protected":false},"author":1,"featured_media":0,"comment_status":"open","ping_status":"open","sticky":false,"template":"","format":"standard","meta":{"footnotes":""},"categories":[1],"tags":[],"class_list":["post-12311","post","type-post","status-publish","format-standard","hentry","category-noticias"],"_links":{"self":[{"href":"https:\/\/blogdorogeriogomes.com.br\/noticias\/wp-json\/wp\/v2\/posts\/12311","targetHints":{"allow":["GET"]}}],"collection":[{"href":"https:\/\/blogdorogeriogomes.com.br\/noticias\/wp-json\/wp\/v2\/posts"}],"about":[{"href":"https:\/\/blogdorogeriogomes.com.br\/noticias\/wp-json\/wp\/v2\/types\/post"}],"author":[{"embeddable":true,"href":"https:\/\/blogdorogeriogomes.com.br\/noticias\/wp-json\/wp\/v2\/users\/1"}],"replies":[{"embeddable":true,"href":"https:\/\/blogdorogeriogomes.com.br\/noticias\/wp-json\/wp\/v2\/comments?post=12311"}],"version-history":[{"count":1,"href":"https:\/\/blogdorogeriogomes.com.br\/noticias\/wp-json\/wp\/v2\/posts\/12311\/revisions"}],"predecessor-version":[{"id":12313,"href":"https:\/\/blogdorogeriogomes.com.br\/noticias\/wp-json\/wp\/v2\/posts\/12311\/revisions\/12313"}],"wp:attachment":[{"href":"https:\/\/blogdorogeriogomes.com.br\/noticias\/wp-json\/wp\/v2\/media?parent=12311"}],"wp:term":[{"taxonomy":"category","embeddable":true,"href":"https:\/\/blogdorogeriogomes.com.br\/noticias\/wp-json\/wp\/v2\/categories?post=12311"},{"taxonomy":"post_tag","embeddable":true,"href":"https:\/\/blogdorogeriogomes.com.br\/noticias\/wp-json\/wp\/v2\/tags?post=12311"}],"curies":[{"name":"wp","href":"https:\/\/api.w.org\/{rel}","templated":true}]}}