{"id":12314,"date":"2019-03-27T22:40:12","date_gmt":"2019-03-27T22:40:12","guid":{"rendered":"http:\/\/blogdorogeriogomes.com.br\/?p=12314"},"modified":"2019-03-27T22:40:12","modified_gmt":"2019-03-27T22:40:12","slug":"ceara-anuncia-dados-de-alunos-da-escola-publica-aprovados-no-ensino-superior-em-2018","status":"publish","type":"post","link":"https:\/\/blogdorogeriogomes.com.br\/noticias\/2019\/03\/ceara-anuncia-dados-de-alunos-da-escola-publica-aprovados-no-ensino-superior-em-2018\/","title":{"rendered":"Cear\u00e1 anuncia dados de alunos da escola p\u00fablica aprovados no Ensino Superior em 2018"},"content":{"rendered":"<p><img loading=\"lazy\" decoding=\"async\" class=\"alignnone size-medium wp-image-12315\" src=\"http:\/\/blogdorogeriogomes.com.br\/wp-content\/uploads\/2019\/03\/IMG_20190327_193524_771-300x216.jpg\" alt=\"IMG_20190327_193524_771\" width=\"300\" height=\"216\" srcset=\"https:\/\/blogdorogeriogomes.com.br\/noticias\/wp-content\/uploads\/2019\/03\/IMG_20190327_193524_771-300x216.jpg 300w, https:\/\/blogdorogeriogomes.com.br\/noticias\/wp-content\/uploads\/2019\/03\/IMG_20190327_193524_771.jpg 628w\" sizes=\"auto, (max-width: 300px) 100vw, 300px\" \/><\/p>\n<p>O Governo do Cear\u00e1, anuncia, nesta quinta-feira, dia 28 de mar\u00e7o, o n\u00famero de alunos da rede p\u00fablica estadual de ensino aprovados no Ensino Superior no ano passado. O evento #PartiuEnsinoSuperior ser\u00e1 realizado no Pal\u00e1cio da Aboli\u00e7\u00e3o, em Fortaleza, e contar\u00e1 com a presen\u00e7a do governador Camilo Santana, que divulgar\u00e1 o balan\u00e7o, e da secret\u00e1ria da Educa\u00e7\u00e3o, Eliana Estrela, al\u00e9m estudantes e educadores.O \u00edndice de aprovados tem apresentado um salto nos \u00faltimos anos. Em 2016, 13.516 ingressaram em universidades. J\u00e1 em 2017, 16.897 jovens conseguiram acesso ao ensino superior. O acompanhamento \u00e9 feito pelo Governo do Cear\u00e1, por meio da Secretaria da Educa\u00e7\u00e3o (Seduc).<\/p>\n","protected":false},"excerpt":{"rendered":"<p>O Governo do Cear\u00e1, anuncia, nesta quinta-feira, dia 28 de mar\u00e7o, o n\u00famero de alunos da rede p\u00fablica estadual de ensino aprovados no Ensino Superior no ano passado. O evento #PartiuEnsinoSuperior ser\u00e1 realizado no Pal\u00e1cio da Aboli\u00e7\u00e3o, em Fortaleza, e contar\u00e1 com a presen\u00e7a do governador Camilo Santana, que divulgar\u00e1 o balan\u00e7o, e da secret\u00e1ria da Educa\u00e7\u00e3o, Eliana Estrela, al\u00e9m estudantes e educadores.O \u00edndice de aprovados tem apresentado um salto nos \u00faltimos anos. Em 2016, 13.516 ingressaram em universidades.&hellip;<\/p>\n","protected":false},"author":1,"featured_media":0,"comment_status":"open","ping_status":"open","sticky":false,"template":"","format":"standard","meta":{"footnotes":""},"categories":[1],"tags":[],"class_list":["post-12314","post","type-post","status-publish","format-standard","hentry","category-noticias"],"_links":{"self":[{"href":"https:\/\/blogdorogeriogomes.com.br\/noticias\/wp-json\/wp\/v2\/posts\/12314","targetHints":{"allow":["GET"]}}],"collection":[{"href":"https:\/\/blogdorogeriogomes.com.br\/noticias\/wp-json\/wp\/v2\/posts"}],"about":[{"href":"https:\/\/blogdorogeriogomes.com.br\/noticias\/wp-json\/wp\/v2\/types\/post"}],"author":[{"embeddable":true,"href":"https:\/\/blogdorogeriogomes.com.br\/noticias\/wp-json\/wp\/v2\/users\/1"}],"replies":[{"embeddable":true,"href":"https:\/\/blogdorogeriogomes.com.br\/noticias\/wp-json\/wp\/v2\/comments?post=12314"}],"version-history":[{"count":1,"href":"https:\/\/blogdorogeriogomes.com.br\/noticias\/wp-json\/wp\/v2\/posts\/12314\/revisions"}],"predecessor-version":[{"id":12316,"href":"https:\/\/blogdorogeriogomes.com.br\/noticias\/wp-json\/wp\/v2\/posts\/12314\/revisions\/12316"}],"wp:attachment":[{"href":"https:\/\/blogdorogeriogomes.com.br\/noticias\/wp-json\/wp\/v2\/media?parent=12314"}],"wp:term":[{"taxonomy":"category","embeddable":true,"href":"https:\/\/blogdorogeriogomes.com.br\/noticias\/wp-json\/wp\/v2\/categories?post=12314"},{"taxonomy":"post_tag","embeddable":true,"href":"https:\/\/blogdorogeriogomes.com.br\/noticias\/wp-json\/wp\/v2\/tags?post=12314"}],"curies":[{"name":"wp","href":"https:\/\/api.w.org\/{rel}","templated":true}]}}