{"id":12320,"date":"2019-03-28T09:41:08","date_gmt":"2019-03-28T09:41:08","guid":{"rendered":"http:\/\/blogdorogeriogomes.com.br\/?p=12320"},"modified":"2019-03-28T09:41:08","modified_gmt":"2019-03-28T09:41:08","slug":"bancada-federal-cearense-cobra-ministro-da-infraestrutura-sobre-andamento-de-obras-no-estado","status":"publish","type":"post","link":"https:\/\/blogdorogeriogomes.com.br\/noticias\/2019\/03\/bancada-federal-cearense-cobra-ministro-da-infraestrutura-sobre-andamento-de-obras-no-estado\/","title":{"rendered":"Bancada federal cearense cobra Ministro da Infraestrutura sobre andamento de obras no Estado"},"content":{"rendered":"<p><img loading=\"lazy\" decoding=\"async\" class=\"alignnone size-medium wp-image-12321\" src=\"http:\/\/blogdorogeriogomes.com.br\/wp-content\/uploads\/2019\/03\/IMG_20190328_063651_954-300x225.jpg\" alt=\"IMG_20190328_063651_954\" width=\"300\" height=\"225\" srcset=\"https:\/\/blogdorogeriogomes.com.br\/noticias\/wp-content\/uploads\/2019\/03\/IMG_20190328_063651_954-300x225.jpg 300w, https:\/\/blogdorogeriogomes.com.br\/noticias\/wp-content\/uploads\/2019\/03\/IMG_20190328_063651_954-768x576.jpg 768w, https:\/\/blogdorogeriogomes.com.br\/noticias\/wp-content\/uploads\/2019\/03\/IMG_20190328_063651_954-1024x768.jpg 1024w, https:\/\/blogdorogeriogomes.com.br\/noticias\/wp-content\/uploads\/2019\/03\/IMG_20190328_063651_954.jpg 1280w\" sizes=\"auto, (max-width: 300px) 100vw, 300px\" \/><\/p>\n<p>A bancada do Cear\u00e1 se reuniu, nesta quarta-feira, dia 27 de mar\u00e7o, em Bras\u00edlia, com o ministro da Infraestrutura Tarc\u00edsio Gomes. Na pauta do encontro, demandas como a de reestrutura\u00e7\u00e3o da BR 020, duplica\u00e7\u00e3o da BR-222 at\u00e9 o Porto de Pec\u00e9m, conclus\u00e3o dos servi\u00e7os no anel vi\u00e1rio e a Transnordestina.<br \/>\nOs deputados cearenses tamb\u00e9m cobraram do Governo Federal a necessidade de manuten\u00e7\u00e3o das rodovias e agilidades nas obras das al\u00e7as de acessos os munic\u00edpios. O ministro Tarc\u00edsio Gomes se comprometeu a agilizar o andamento das obras que j\u00e1 foram licitadas mas, segundo ele, \u00e9 preciso libera\u00e7\u00e3o or\u00e7ament\u00e1ria.<br \/>\nOu seja, sem o aval do ministro da Economia, Paulo Guedes, ou do presidente Bolsonaro, nada anda.<\/p>\n","protected":false},"excerpt":{"rendered":"<p>A bancada do Cear\u00e1 se reuniu, nesta quarta-feira, dia 27 de mar\u00e7o, em Bras\u00edlia, com o ministro da Infraestrutura Tarc\u00edsio Gomes. Na pauta do encontro, demandas como a de reestrutura\u00e7\u00e3o da BR 020, duplica\u00e7\u00e3o da BR-222 at\u00e9 o Porto de Pec\u00e9m, conclus\u00e3o dos servi\u00e7os no anel vi\u00e1rio e a Transnordestina. Os deputados cearenses tamb\u00e9m cobraram do Governo Federal a necessidade de manuten\u00e7\u00e3o das rodovias e agilidades nas obras das al\u00e7as de acessos os munic\u00edpios. O ministro Tarc\u00edsio Gomes se&hellip;<\/p>\n","protected":false},"author":1,"featured_media":0,"comment_status":"open","ping_status":"open","sticky":false,"template":"","format":"standard","meta":{"footnotes":""},"categories":[1],"tags":[],"class_list":["post-12320","post","type-post","status-publish","format-standard","hentry","category-noticias"],"_links":{"self":[{"href":"https:\/\/blogdorogeriogomes.com.br\/noticias\/wp-json\/wp\/v2\/posts\/12320","targetHints":{"allow":["GET"]}}],"collection":[{"href":"https:\/\/blogdorogeriogomes.com.br\/noticias\/wp-json\/wp\/v2\/posts"}],"about":[{"href":"https:\/\/blogdorogeriogomes.com.br\/noticias\/wp-json\/wp\/v2\/types\/post"}],"author":[{"embeddable":true,"href":"https:\/\/blogdorogeriogomes.com.br\/noticias\/wp-json\/wp\/v2\/users\/1"}],"replies":[{"embeddable":true,"href":"https:\/\/blogdorogeriogomes.com.br\/noticias\/wp-json\/wp\/v2\/comments?post=12320"}],"version-history":[{"count":1,"href":"https:\/\/blogdorogeriogomes.com.br\/noticias\/wp-json\/wp\/v2\/posts\/12320\/revisions"}],"predecessor-version":[{"id":12322,"href":"https:\/\/blogdorogeriogomes.com.br\/noticias\/wp-json\/wp\/v2\/posts\/12320\/revisions\/12322"}],"wp:attachment":[{"href":"https:\/\/blogdorogeriogomes.com.br\/noticias\/wp-json\/wp\/v2\/media?parent=12320"}],"wp:term":[{"taxonomy":"category","embeddable":true,"href":"https:\/\/blogdorogeriogomes.com.br\/noticias\/wp-json\/wp\/v2\/categories?post=12320"},{"taxonomy":"post_tag","embeddable":true,"href":"https:\/\/blogdorogeriogomes.com.br\/noticias\/wp-json\/wp\/v2\/tags?post=12320"}],"curies":[{"name":"wp","href":"https:\/\/api.w.org\/{rel}","templated":true}]}}