{"id":12323,"date":"2019-03-28T10:30:32","date_gmt":"2019-03-28T10:30:32","guid":{"rendered":"http:\/\/blogdorogeriogomes.com.br\/?p=12323"},"modified":"2019-03-28T10:30:32","modified_gmt":"2019-03-28T10:30:32","slug":"jose-sarto-participa-de-encontro-com-presidentes-de-assembleias-legislativas-em-defesa-do-bnb-e-dnocs","status":"publish","type":"post","link":"https:\/\/blogdorogeriogomes.com.br\/noticias\/2019\/03\/jose-sarto-participa-de-encontro-com-presidentes-de-assembleias-legislativas-em-defesa-do-bnb-e-dnocs\/","title":{"rendered":"Jos\u00e9 Sarto participa de encontro com presidentes de Assembleias Legislativas em defesa do BNB e Dnocs"},"content":{"rendered":"<p><img loading=\"lazy\" decoding=\"async\" class=\"alignnone size-medium wp-image-12324\" src=\"http:\/\/blogdorogeriogomes.com.br\/wp-content\/uploads\/2019\/03\/IMG_20190328_071902_216-300x203.jpg\" alt=\"IMG_20190328_071902_216\" width=\"300\" height=\"203\" srcset=\"https:\/\/blogdorogeriogomes.com.br\/noticias\/wp-content\/uploads\/2019\/03\/IMG_20190328_071902_216-300x203.jpg 300w, https:\/\/blogdorogeriogomes.com.br\/noticias\/wp-content\/uploads\/2019\/03\/IMG_20190328_071902_216.jpg 740w\" sizes=\"auto, (max-width: 300px) 100vw, 300px\" \/><\/p>\n<p>O presidente da Assembleia Legislativa do Cear\u00e1, Jos\u00e9 Sarto, participa de um encontro envolvendo presidentes de casas legislativas de todo o Nordeste, nesta sexta-feira, dia 29 de mar\u00e7o, em S\u00e3o Lu\u00eds, no Maranh\u00e3o, em defesa do Banco do Nordeste (BNB) e do Departamento Nacional de Obras contra a Seca (DNOCS).<br \/>\nAs indefini\u00e7\u00f5es da equipe econ\u00f4mica do Governo Federal geram preocupa\u00e7\u00e3o quanto ao futuro do BNB e do DNOCS. Em rela\u00e7\u00e3o ao primeiro, a especula\u00e7\u00e3o \u00e9 que o banco pode at\u00e9 a vir ser privatizado.<br \/>\nA reuni\u00e3o entre os presidentes das Assembleias Legislativas do Nordeste tem o objetivo de ressaltar para o Governo a import\u00e2ncia que o BNB e o DNOCS tem para o desenvolvimento da regi\u00e3o.<br \/>\nUm documento deve ser tirado do encontro para ser encaminhado ao Governo Federal. Deputados estaduais temem que o BNB tamb\u00e9m possa a vir ser fundido com o Banco Nacional de Desenvolvimento Econ\u00f4mico e Social (BNDES).<\/p>\n","protected":false},"excerpt":{"rendered":"<p>O presidente da Assembleia Legislativa do Cear\u00e1, Jos\u00e9 Sarto, participa de um encontro envolvendo presidentes de casas legislativas de todo o Nordeste, nesta sexta-feira, dia 29 de mar\u00e7o, em S\u00e3o Lu\u00eds, no Maranh\u00e3o, em defesa do Banco do Nordeste (BNB) e do Departamento Nacional de Obras contra a Seca (DNOCS). As indefini\u00e7\u00f5es da equipe econ\u00f4mica do Governo Federal geram preocupa\u00e7\u00e3o quanto ao futuro do BNB e do DNOCS. Em rela\u00e7\u00e3o ao primeiro, a especula\u00e7\u00e3o \u00e9 que o banco pode&hellip;<\/p>\n","protected":false},"author":1,"featured_media":0,"comment_status":"open","ping_status":"open","sticky":false,"template":"","format":"standard","meta":{"footnotes":""},"categories":[1],"tags":[],"class_list":["post-12323","post","type-post","status-publish","format-standard","hentry","category-noticias"],"_links":{"self":[{"href":"https:\/\/blogdorogeriogomes.com.br\/noticias\/wp-json\/wp\/v2\/posts\/12323","targetHints":{"allow":["GET"]}}],"collection":[{"href":"https:\/\/blogdorogeriogomes.com.br\/noticias\/wp-json\/wp\/v2\/posts"}],"about":[{"href":"https:\/\/blogdorogeriogomes.com.br\/noticias\/wp-json\/wp\/v2\/types\/post"}],"author":[{"embeddable":true,"href":"https:\/\/blogdorogeriogomes.com.br\/noticias\/wp-json\/wp\/v2\/users\/1"}],"replies":[{"embeddable":true,"href":"https:\/\/blogdorogeriogomes.com.br\/noticias\/wp-json\/wp\/v2\/comments?post=12323"}],"version-history":[{"count":1,"href":"https:\/\/blogdorogeriogomes.com.br\/noticias\/wp-json\/wp\/v2\/posts\/12323\/revisions"}],"predecessor-version":[{"id":12325,"href":"https:\/\/blogdorogeriogomes.com.br\/noticias\/wp-json\/wp\/v2\/posts\/12323\/revisions\/12325"}],"wp:attachment":[{"href":"https:\/\/blogdorogeriogomes.com.br\/noticias\/wp-json\/wp\/v2\/media?parent=12323"}],"wp:term":[{"taxonomy":"category","embeddable":true,"href":"https:\/\/blogdorogeriogomes.com.br\/noticias\/wp-json\/wp\/v2\/categories?post=12323"},{"taxonomy":"post_tag","embeddable":true,"href":"https:\/\/blogdorogeriogomes.com.br\/noticias\/wp-json\/wp\/v2\/tags?post=12323"}],"curies":[{"name":"wp","href":"https:\/\/api.w.org\/{rel}","templated":true}]}}