{"id":12326,"date":"2019-03-29T11:16:59","date_gmt":"2019-03-29T11:16:59","guid":{"rendered":"http:\/\/blogdorogeriogomes.com.br\/?p=12326"},"modified":"2019-03-29T11:16:59","modified_gmt":"2019-03-29T11:16:59","slug":"oposicao-apresenta-pec-para-evitar-que-vice-presidente-assuma-em-definitivo-no-caso-de-impedimento-do-titular-no-planalto","status":"publish","type":"post","link":"https:\/\/blogdorogeriogomes.com.br\/noticias\/2019\/03\/oposicao-apresenta-pec-para-evitar-que-vice-presidente-assuma-em-definitivo-no-caso-de-impedimento-do-titular-no-planalto\/","title":{"rendered":"Oposi\u00e7\u00e3o apresenta PEC para evitar que vice-presidente assuma em definitivo no caso de impedimento do titular no Planalto"},"content":{"rendered":"<p><img loading=\"lazy\" decoding=\"async\" class=\"alignnone size-medium wp-image-12327\" src=\"http:\/\/blogdorogeriogomes.com.br\/wp-content\/uploads\/2019\/03\/IMG_20190329_081345_098-300x197.jpg\" alt=\"IMG_20190329_081345_098\" width=\"300\" height=\"197\" srcset=\"https:\/\/blogdorogeriogomes.com.br\/noticias\/wp-content\/uploads\/2019\/03\/IMG_20190329_081345_098-300x197.jpg 300w, https:\/\/blogdorogeriogomes.com.br\/noticias\/wp-content\/uploads\/2019\/03\/IMG_20190329_081345_098-768x503.jpg 768w, https:\/\/blogdorogeriogomes.com.br\/noticias\/wp-content\/uploads\/2019\/03\/IMG_20190329_081345_098.jpg 900w\" sizes=\"auto, (max-width: 300px) 100vw, 300px\" \/><\/p>\n<p>Tomando por base pelo que chama de impeachment fraudulento da ex-presidente Dilma Rousseff, em momento de enfraquecimento de Jair Bolsonaro e com a com p\u00fablica movimenta\u00e7\u00e3o do vice General Mour\u00e3o (PRTB) junto ao empresariado brasileiro, o deputado federal Henrique Fontana (PT) apresentou na C\u00e2mara Federal uma Proposta de Emenda Constitucional (PEC) que prev\u00ea elei\u00e7\u00f5es diretas para todas as ocasi\u00f5es em que presidentes, governadores ou prefeitos deixarem os cargos. O texto atribui aos vices o mero papel de substitutos tempor\u00e1rios dos titulares, assumindo os governos apenas em casos de viagens ou doen\u00e7as dos mandat\u00e1rios.<br \/>\nEm situa\u00e7\u00f5es de morte, ren\u00fancia ou impeachment, se aprovada a proposta, os eleitores ser\u00e3o convocados \u00e0s urnas, independentemente do tempo de mandato j\u00e1 desenrolado. Henrique Fontana batizou a iniciativa de \u201cPEC das Diretas\u201d. Hoje, se o presidente, governadores ou prefeitos deixam em definitivo os cargos, os vices assumem.<br \/>\nNo caso do Pal\u00e1cio do Planalto, novas elei\u00e7\u00f5es s\u00e3o chamadas apenas se o titular e o vice ficam impedidos de governar nos dois primeiros anos de mandato. Se acontecer na segunda metade da gest\u00e3o, o Congresso escolhe o presidente a partir de elei\u00e7\u00f5es indiretas.<\/p>\n","protected":false},"excerpt":{"rendered":"<p>Tomando por base pelo que chama de impeachment fraudulento da ex-presidente Dilma Rousseff, em momento de enfraquecimento de Jair Bolsonaro e com a com p\u00fablica movimenta\u00e7\u00e3o do vice General Mour\u00e3o (PRTB) junto ao empresariado brasileiro, o deputado federal Henrique Fontana (PT) apresentou na C\u00e2mara Federal uma Proposta de Emenda Constitucional (PEC) que prev\u00ea elei\u00e7\u00f5es diretas para todas as ocasi\u00f5es em que presidentes, governadores ou prefeitos deixarem os cargos. O texto atribui aos vices o mero papel de substitutos tempor\u00e1rios&hellip;<\/p>\n","protected":false},"author":1,"featured_media":0,"comment_status":"open","ping_status":"open","sticky":false,"template":"","format":"standard","meta":{"footnotes":""},"categories":[1],"tags":[],"class_list":["post-12326","post","type-post","status-publish","format-standard","hentry","category-noticias"],"_links":{"self":[{"href":"https:\/\/blogdorogeriogomes.com.br\/noticias\/wp-json\/wp\/v2\/posts\/12326","targetHints":{"allow":["GET"]}}],"collection":[{"href":"https:\/\/blogdorogeriogomes.com.br\/noticias\/wp-json\/wp\/v2\/posts"}],"about":[{"href":"https:\/\/blogdorogeriogomes.com.br\/noticias\/wp-json\/wp\/v2\/types\/post"}],"author":[{"embeddable":true,"href":"https:\/\/blogdorogeriogomes.com.br\/noticias\/wp-json\/wp\/v2\/users\/1"}],"replies":[{"embeddable":true,"href":"https:\/\/blogdorogeriogomes.com.br\/noticias\/wp-json\/wp\/v2\/comments?post=12326"}],"version-history":[{"count":1,"href":"https:\/\/blogdorogeriogomes.com.br\/noticias\/wp-json\/wp\/v2\/posts\/12326\/revisions"}],"predecessor-version":[{"id":12328,"href":"https:\/\/blogdorogeriogomes.com.br\/noticias\/wp-json\/wp\/v2\/posts\/12326\/revisions\/12328"}],"wp:attachment":[{"href":"https:\/\/blogdorogeriogomes.com.br\/noticias\/wp-json\/wp\/v2\/media?parent=12326"}],"wp:term":[{"taxonomy":"category","embeddable":true,"href":"https:\/\/blogdorogeriogomes.com.br\/noticias\/wp-json\/wp\/v2\/categories?post=12326"},{"taxonomy":"post_tag","embeddable":true,"href":"https:\/\/blogdorogeriogomes.com.br\/noticias\/wp-json\/wp\/v2\/tags?post=12326"}],"curies":[{"name":"wp","href":"https:\/\/api.w.org\/{rel}","templated":true}]}}