{"id":12329,"date":"2019-03-29T11:29:34","date_gmt":"2019-03-29T11:29:34","guid":{"rendered":"http:\/\/blogdorogeriogomes.com.br\/?p=12329"},"modified":"2019-03-29T11:29:34","modified_gmt":"2019-03-29T11:29:34","slug":"ciro-gomes-ve-com-pessimismo-os-tres-primeiros-meses-do-governo-bolsonaro","status":"publish","type":"post","link":"https:\/\/blogdorogeriogomes.com.br\/noticias\/2019\/03\/ciro-gomes-ve-com-pessimismo-os-tres-primeiros-meses-do-governo-bolsonaro\/","title":{"rendered":"Ciro Gomes v\u00ea com pessimismo os tr\u00eas primeiros meses do Governo Bolsonaro"},"content":{"rendered":"<p><img loading=\"lazy\" decoding=\"async\" class=\"alignnone size-medium wp-image-12330\" src=\"http:\/\/blogdorogeriogomes.com.br\/wp-content\/uploads\/2019\/03\/IMG_20190329_082325_007-300x205.jpg\" alt=\"IMG_20190329_082325_007\" width=\"300\" height=\"205\" srcset=\"https:\/\/blogdorogeriogomes.com.br\/noticias\/wp-content\/uploads\/2019\/03\/IMG_20190329_082325_007-300x205.jpg 300w, https:\/\/blogdorogeriogomes.com.br\/noticias\/wp-content\/uploads\/2019\/03\/IMG_20190329_082325_007.jpg 662w\" sizes=\"auto, (max-width: 300px) 100vw, 300px\" \/><\/p>\n<p>O ex-ministro Ciro Gomes (PDT), que tamb\u00e9m concorreu \u00e0 Presid\u00eancia da Rep\u00fablica nas elei\u00e7\u00f5es passadas, se mostra pessimista com os tr\u00eas primeiros meses do Governo de Jair Bolsonaro. Ciro chegou a classificar o presidente como um \u201cimbecil\u201d e \u201csemi-analfabeto\u201d, que n\u00e3o consegue apresentar um plano de governo coerente para o Pa\u00eds.<br \/>\nEm entrevista ao jornal portugu\u00eas Di\u00e1rio de Not\u00edcias, Ciro tamb\u00e9m dispara contra as a\u00e7\u00f5es midi\u00e1ticas da Opera\u00e7\u00e3o Lava Jato, que prendeu o ex-presidente Michel Temer. \u201cA regra nos pa\u00edses civilizados do Estado de direito democr\u00e1tico \u00e9 a liberdade. As pris\u00f5es excecionais d\u00e3o-se em casos muitos espec\u00edficos. E nenhum dos factos imaginados pela lei, como a amea\u00e7a de fugir, evid\u00eancia de que est\u00e1 a destruir provas, coagindo testemunhas ou perturbando a ordem p\u00fablica, nem uma dessas situa\u00e7\u00f5es excecionais, estava desenhada em redor de Michel Temer. Portanto, n\u00e3o estou a defender Michel Temer, estou a defender a Constitui\u00e7\u00e3o brasileira, a ordem jur\u00eddica que no Brasil tem sido muito violentada ultimamente.&#8221;<br \/>\nO ministro da Justi\u00e7a, S\u00e9rgio Moro, tamb\u00e9m \u00e9 alvo nas declara\u00e7\u00f5es de Ciro Gomes. Para ele, \u201cBolsonaro recrutou o [juiz S\u00e9rgio] Moro por uma raz\u00e3o publicit\u00e1ria\u201d. Ciro acredita que o ex-juiz tem fechado os olhos para as irregularidades dentro do Governo. \u201cPor exemplo, o ministro-chefe do governo, Onyx Lorenzoni, \u00e9 confesso de ter feito fraude com dinheiro de campanha que \u00e9 basicamente a raz\u00e3o pela qual a Lava-Jato come\u00e7a a entrar na pol\u00edtica. E Moro relativizou completamente, chegando a dizer que dinheiro fraudulento numa campanha n\u00e3o \u00e9 assim um crime t\u00e3o grave quanto achava no passado que era. Depois, o filho do presidente e o pr\u00f3prio presidente, com a mulher envolvida, come\u00e7am a envolver-se com mil\u00edcias. Isto \u00e9 uma coisa completamente constrangedora, com muito dinheiro p\u00fablico envolvido, dinheiro subtra\u00eddo do sal\u00e1rio de funcion\u00e1rios-fantasmas. E o Moro permanece absolutamente calado, lavando as m\u00e3os, como se n\u00e3o houvesse responsabilidade dele nisso. E h\u00e1 responsabilidade dele nisso. Na medida em que se est\u00e1 erodindo muito rapidamente essa imagem publicit\u00e1ria e est\u00e1 semeada a\u00ed uma tens\u00e3o: ele vai preservar a sua imagem e vai-se demitir do governo ou vai afundar junto com o governo? Me parece que \u00e9 muito mais o tipo oportunista e agarrado nos media, nos holofotes da publicidade. A tend\u00eancia \u00e9 sair do governo\u201d.<\/p>\n","protected":false},"excerpt":{"rendered":"<p>O ex-ministro Ciro Gomes (PDT), que tamb\u00e9m concorreu \u00e0 Presid\u00eancia da Rep\u00fablica nas elei\u00e7\u00f5es passadas, se mostra pessimista com os tr\u00eas primeiros meses do Governo de Jair Bolsonaro. Ciro chegou a classificar o presidente como um \u201cimbecil\u201d e \u201csemi-analfabeto\u201d, que n\u00e3o consegue apresentar um plano de governo coerente para o Pa\u00eds. Em entrevista ao jornal portugu\u00eas Di\u00e1rio de Not\u00edcias, Ciro tamb\u00e9m dispara contra as a\u00e7\u00f5es midi\u00e1ticas da Opera\u00e7\u00e3o Lava Jato, que prendeu o ex-presidente Michel Temer. \u201cA regra nos&hellip;<\/p>\n","protected":false},"author":1,"featured_media":0,"comment_status":"open","ping_status":"open","sticky":false,"template":"","format":"standard","meta":{"footnotes":""},"categories":[1],"tags":[],"class_list":["post-12329","post","type-post","status-publish","format-standard","hentry","category-noticias"],"_links":{"self":[{"href":"https:\/\/blogdorogeriogomes.com.br\/noticias\/wp-json\/wp\/v2\/posts\/12329","targetHints":{"allow":["GET"]}}],"collection":[{"href":"https:\/\/blogdorogeriogomes.com.br\/noticias\/wp-json\/wp\/v2\/posts"}],"about":[{"href":"https:\/\/blogdorogeriogomes.com.br\/noticias\/wp-json\/wp\/v2\/types\/post"}],"author":[{"embeddable":true,"href":"https:\/\/blogdorogeriogomes.com.br\/noticias\/wp-json\/wp\/v2\/users\/1"}],"replies":[{"embeddable":true,"href":"https:\/\/blogdorogeriogomes.com.br\/noticias\/wp-json\/wp\/v2\/comments?post=12329"}],"version-history":[{"count":1,"href":"https:\/\/blogdorogeriogomes.com.br\/noticias\/wp-json\/wp\/v2\/posts\/12329\/revisions"}],"predecessor-version":[{"id":12331,"href":"https:\/\/blogdorogeriogomes.com.br\/noticias\/wp-json\/wp\/v2\/posts\/12329\/revisions\/12331"}],"wp:attachment":[{"href":"https:\/\/blogdorogeriogomes.com.br\/noticias\/wp-json\/wp\/v2\/media?parent=12329"}],"wp:term":[{"taxonomy":"category","embeddable":true,"href":"https:\/\/blogdorogeriogomes.com.br\/noticias\/wp-json\/wp\/v2\/categories?post=12329"},{"taxonomy":"post_tag","embeddable":true,"href":"https:\/\/blogdorogeriogomes.com.br\/noticias\/wp-json\/wp\/v2\/tags?post=12329"}],"curies":[{"name":"wp","href":"https:\/\/api.w.org\/{rel}","templated":true}]}}