{"id":12332,"date":"2019-03-31T22:42:17","date_gmt":"2019-03-31T22:42:17","guid":{"rendered":"http:\/\/blogdorogeriogomes.com.br\/?p=12332"},"modified":"2019-03-31T22:42:17","modified_gmt":"2019-03-31T22:42:17","slug":"camilo-santana-enaltece-lei-estadual-que-proibe-administracao-publica-de-homenagear-ditadura-militar","status":"publish","type":"post","link":"https:\/\/blogdorogeriogomes.com.br\/noticias\/2019\/03\/camilo-santana-enaltece-lei-estadual-que-proibe-administracao-publica-de-homenagear-ditadura-militar\/","title":{"rendered":"Camilo Santana enaltece lei estadual que pro\u00edbe administra\u00e7\u00e3o p\u00fablica de homenagear Ditadura Militar"},"content":{"rendered":"<p><img loading=\"lazy\" decoding=\"async\" class=\"alignnone size-medium wp-image-12333\" src=\"http:\/\/blogdorogeriogomes.com.br\/wp-content\/uploads\/2019\/03\/images-49-300x168.jpeg\" alt=\"images (49)\" width=\"300\" height=\"168\" srcset=\"https:\/\/blogdorogeriogomes.com.br\/noticias\/wp-content\/uploads\/2019\/03\/images-49-300x168.jpeg 300w, https:\/\/blogdorogeriogomes.com.br\/noticias\/wp-content\/uploads\/2019\/03\/images-49.jpeg 739w\" sizes=\"auto, (max-width: 300px) 100vw, 300px\" \/><\/p>\n<p>O governador do Cear\u00e1, Camilo Santana, se manifestou neste domingo, dia 31 de mar\u00e7o, atrav\u00e9s das redes sociais, para criticar a ditadura militar ap\u00f3s o Golpe de 1964 e tamb\u00e9m enaltecer a lei sancionada por ele no dia 15 de janeiro, proibindo que pr\u00e9dios e logradouros estaduais sejam batizados em homenagem a pessoas que tenham sido responsabilizadas por viola\u00e7\u00f5es de direitos humanos durante o regime militar.<br \/>\n\u201cNosso Cear\u00e1, Terra da Luz, ser\u00e1 sempre um intransigente defensor da democracia, da liberdade e do respeito. Que o 31 de mar\u00e7o de 1964, que deu in\u00edcio a um dos per\u00edodos mais sombrios da nossa hist\u00f3ria, seja lembrado, para jamais ser repetido. #DitaduraNuncaMais #Cear\u00e1 #Democracia #Respeito #Liberdade&#8221;, escreveu o governador em sua p\u00e1gina no Facebook, sobre a data que marca o in\u00edcio da movimenta\u00e7\u00e3o militar que dep\u00f4s o ex-presidente Jo\u00e3o Goulart.<br \/>\n&#8220;Fica vedado atribuir a pr\u00e9dios, rodovias e reparti\u00e7\u00f5es p\u00fablicas, e bens de qualquer natureza pertencente ou sob gest\u00e3o da Administra\u00e7\u00e3o P\u00fablica Estadual direta e indireta, nome de pessoa que conste no Relat\u00f3rio Final da Comiss\u00e3o Nacional da Verdade de que trata a Lei Federal n\u00ba 12.528\/2011 como respons\u00e1vel por viola\u00e7\u00f5es de direitos humanos&#8221;, diz a Lei 136\/16, de autoria do deputado estadual Renato Roseno (PSOL).<\/p>\n","protected":false},"excerpt":{"rendered":"<p>O governador do Cear\u00e1, Camilo Santana, se manifestou neste domingo, dia 31 de mar\u00e7o, atrav\u00e9s das redes sociais, para criticar a ditadura militar ap\u00f3s o Golpe de 1964 e tamb\u00e9m enaltecer a lei sancionada por ele no dia 15 de janeiro, proibindo que pr\u00e9dios e logradouros estaduais sejam batizados em homenagem a pessoas que tenham sido responsabilizadas por viola\u00e7\u00f5es de direitos humanos durante o regime militar. \u201cNosso Cear\u00e1, Terra da Luz, ser\u00e1 sempre um intransigente defensor da democracia, da&hellip;<\/p>\n","protected":false},"author":1,"featured_media":0,"comment_status":"open","ping_status":"open","sticky":false,"template":"","format":"standard","meta":{"footnotes":""},"categories":[1],"tags":[],"class_list":["post-12332","post","type-post","status-publish","format-standard","hentry","category-noticias"],"_links":{"self":[{"href":"https:\/\/blogdorogeriogomes.com.br\/noticias\/wp-json\/wp\/v2\/posts\/12332","targetHints":{"allow":["GET"]}}],"collection":[{"href":"https:\/\/blogdorogeriogomes.com.br\/noticias\/wp-json\/wp\/v2\/posts"}],"about":[{"href":"https:\/\/blogdorogeriogomes.com.br\/noticias\/wp-json\/wp\/v2\/types\/post"}],"author":[{"embeddable":true,"href":"https:\/\/blogdorogeriogomes.com.br\/noticias\/wp-json\/wp\/v2\/users\/1"}],"replies":[{"embeddable":true,"href":"https:\/\/blogdorogeriogomes.com.br\/noticias\/wp-json\/wp\/v2\/comments?post=12332"}],"version-history":[{"count":1,"href":"https:\/\/blogdorogeriogomes.com.br\/noticias\/wp-json\/wp\/v2\/posts\/12332\/revisions"}],"predecessor-version":[{"id":12334,"href":"https:\/\/blogdorogeriogomes.com.br\/noticias\/wp-json\/wp\/v2\/posts\/12332\/revisions\/12334"}],"wp:attachment":[{"href":"https:\/\/blogdorogeriogomes.com.br\/noticias\/wp-json\/wp\/v2\/media?parent=12332"}],"wp:term":[{"taxonomy":"category","embeddable":true,"href":"https:\/\/blogdorogeriogomes.com.br\/noticias\/wp-json\/wp\/v2\/categories?post=12332"},{"taxonomy":"post_tag","embeddable":true,"href":"https:\/\/blogdorogeriogomes.com.br\/noticias\/wp-json\/wp\/v2\/tags?post=12332"}],"curies":[{"name":"wp","href":"https:\/\/api.w.org\/{rel}","templated":true}]}}