{"id":12339,"date":"2019-04-01T10:42:24","date_gmt":"2019-04-01T10:42:24","guid":{"rendered":"http:\/\/blogdorogeriogomes.com.br\/?p=12339"},"modified":"2019-04-01T10:42:24","modified_gmt":"2019-04-01T10:42:24","slug":"deputados-federais-do-ceara-reclamam-de-dificuldades-para-acessar-ministerios-em-brasilia","status":"publish","type":"post","link":"https:\/\/blogdorogeriogomes.com.br\/noticias\/2019\/04\/deputados-federais-do-ceara-reclamam-de-dificuldades-para-acessar-ministerios-em-brasilia\/","title":{"rendered":"Deputados federais do Cear\u00e1 reclamam de dificuldades para acessar minist\u00e9rios em Bras\u00edlia"},"content":{"rendered":"<p><img loading=\"lazy\" decoding=\"async\" class=\"alignnone size-medium wp-image-12340\" src=\"http:\/\/blogdorogeriogomes.com.br\/wp-content\/uploads\/2019\/04\/images-51-300x165.jpeg\" alt=\"images (51)\" width=\"300\" height=\"165\" srcset=\"https:\/\/blogdorogeriogomes.com.br\/noticias\/wp-content\/uploads\/2019\/04\/images-51-300x165.jpeg 300w, https:\/\/blogdorogeriogomes.com.br\/noticias\/wp-content\/uploads\/2019\/04\/images-51.jpeg 550w\" sizes=\"auto, (max-width: 300px) 100vw, 300px\" \/><\/p>\n<p>Os deputados federais do Cear\u00e1 reclamam da falta de articula\u00e7\u00e3o pol\u00edtica do Governo Bolsonaro com o Congresso Nacional. Dizem estar tendo dificuldade de acessar os minist\u00e9rios em Bras\u00edlia para atender demandas do Estado. De acordo com o l\u00edder da bancada cearense, deputado federal Domingos Neto (PSD), a alternativa tem sido realizar audi\u00eancias coletivas com os ministros, mas que n\u00e3o t\u00eam tido efeitos pr\u00e1ticos. Quase sempre, o discurso dos ministros \u00e9 que o or\u00e7amento est\u00e1 apertado.<br \/>\nOs deputados federais do Cear\u00e1 j\u00e1 tiveram audi\u00eancias com os ministros do Desenvolvimento Regional, Justi\u00e7a e Seguran\u00e7a P\u00fablica, Sa\u00fade e Infraestrutura. Para o deputado federal Genecias Noronha (Solidariedade), \u201co Governo est\u00e1 perdido nessa articula\u00e7\u00e3o entre Pal\u00e1cio e Congresso. Eu estou sentindo que os ministros est\u00e3o com dificuldade de receber, parece que n\u00e3o t\u00eam poder. N\u00e3o adianta ter audi\u00eancia para tomar \u00e1gua e caf\u00e9\u201d.<\/p>\n","protected":false},"excerpt":{"rendered":"<p>Os deputados federais do Cear\u00e1 reclamam da falta de articula\u00e7\u00e3o pol\u00edtica do Governo Bolsonaro com o Congresso Nacional. Dizem estar tendo dificuldade de acessar os minist\u00e9rios em Bras\u00edlia para atender demandas do Estado. De acordo com o l\u00edder da bancada cearense, deputado federal Domingos Neto (PSD), a alternativa tem sido realizar audi\u00eancias coletivas com os ministros, mas que n\u00e3o t\u00eam tido efeitos pr\u00e1ticos. Quase sempre, o discurso dos ministros \u00e9 que o or\u00e7amento est\u00e1 apertado. Os deputados federais do&hellip;<\/p>\n","protected":false},"author":1,"featured_media":0,"comment_status":"open","ping_status":"open","sticky":false,"template":"","format":"standard","meta":{"footnotes":""},"categories":[1],"tags":[],"class_list":["post-12339","post","type-post","status-publish","format-standard","hentry","category-noticias"],"_links":{"self":[{"href":"https:\/\/blogdorogeriogomes.com.br\/noticias\/wp-json\/wp\/v2\/posts\/12339","targetHints":{"allow":["GET"]}}],"collection":[{"href":"https:\/\/blogdorogeriogomes.com.br\/noticias\/wp-json\/wp\/v2\/posts"}],"about":[{"href":"https:\/\/blogdorogeriogomes.com.br\/noticias\/wp-json\/wp\/v2\/types\/post"}],"author":[{"embeddable":true,"href":"https:\/\/blogdorogeriogomes.com.br\/noticias\/wp-json\/wp\/v2\/users\/1"}],"replies":[{"embeddable":true,"href":"https:\/\/blogdorogeriogomes.com.br\/noticias\/wp-json\/wp\/v2\/comments?post=12339"}],"version-history":[{"count":1,"href":"https:\/\/blogdorogeriogomes.com.br\/noticias\/wp-json\/wp\/v2\/posts\/12339\/revisions"}],"predecessor-version":[{"id":12341,"href":"https:\/\/blogdorogeriogomes.com.br\/noticias\/wp-json\/wp\/v2\/posts\/12339\/revisions\/12341"}],"wp:attachment":[{"href":"https:\/\/blogdorogeriogomes.com.br\/noticias\/wp-json\/wp\/v2\/media?parent=12339"}],"wp:term":[{"taxonomy":"category","embeddable":true,"href":"https:\/\/blogdorogeriogomes.com.br\/noticias\/wp-json\/wp\/v2\/categories?post=12339"},{"taxonomy":"post_tag","embeddable":true,"href":"https:\/\/blogdorogeriogomes.com.br\/noticias\/wp-json\/wp\/v2\/tags?post=12339"}],"curies":[{"name":"wp","href":"https:\/\/api.w.org\/{rel}","templated":true}]}}