{"id":12348,"date":"2019-04-02T10:54:44","date_gmt":"2019-04-02T10:54:44","guid":{"rendered":"http:\/\/blogdorogeriogomes.com.br\/?p=12348"},"modified":"2019-04-02T10:54:44","modified_gmt":"2019-04-02T10:54:44","slug":"policia-do-ceara-investiga-ataques-contra-torres-da-chesf-em-fortaleza-e-regiao-metropolitana","status":"publish","type":"post","link":"https:\/\/blogdorogeriogomes.com.br\/noticias\/2019\/04\/policia-do-ceara-investiga-ataques-contra-torres-da-chesf-em-fortaleza-e-regiao-metropolitana\/","title":{"rendered":"Pol\u00edcia do Cear\u00e1 investiga ataques contra torres da Chesf em Fortaleza e Regi\u00e3o Metropolitana"},"content":{"rendered":"<p><img loading=\"lazy\" decoding=\"async\" class=\"alignnone size-medium wp-image-12349\" src=\"http:\/\/blogdorogeriogomes.com.br\/wp-content\/uploads\/2019\/04\/IMG_20190402_075116_453-240x300.jpg\" alt=\"IMG_20190402_075116_453\" width=\"240\" height=\"300\" srcset=\"https:\/\/blogdorogeriogomes.com.br\/noticias\/wp-content\/uploads\/2019\/04\/IMG_20190402_075116_453-240x300.jpg 240w, https:\/\/blogdorogeriogomes.com.br\/noticias\/wp-content\/uploads\/2019\/04\/IMG_20190402_075116_453.jpg 720w\" sizes=\"auto, (max-width: 240px) 100vw, 240px\" \/><\/p>\n<p>Ataques registrados a torres da Companhia Hidrel\u00e9trica do S\u00e3o Francisco (Chesf), em Fortaleza e Regi\u00e3o Metropolitana, na noite desta segunda-feira, dia 1\u00b0 de abril, colocam novamente em alerta as Pol\u00edcias Civil e Militar do Cear\u00e1. Os motivos est\u00e3o sendo investigados, mas volta-se a temer a onda de ataques criminosos que atingiram o Estado no in\u00edcio do ano.<br \/>\nNo Conjunto Jereissati III, em Maracana\u00fa, houve uma tentativa de explos\u00e3o de uma torre da Chesf. O artefato foi detonado pr\u00f3ximo \u00e0 torre, que fica \u00e0s margens da CE-060, mas n\u00e3o a atingiu. O Grupo de A\u00e7\u00f5es T\u00e1ticas Especiais (Gate) foi acionado para recolher o explosivo.<br \/>\nOutras duas torres da Chesf tamb\u00e9m foram alvos de explos\u00f5es na Rua J\u00falio Br\u00edgido, no Bairro Pici, em Fortaleza, tamb\u00e9m na noite desta segunda. De acordo com a Pol\u00edcia Militar, dois artefatos explodiram no local e um terceiro foi recolhido pelo Gate.<\/p>\n","protected":false},"excerpt":{"rendered":"<p>Ataques registrados a torres da Companhia Hidrel\u00e9trica do S\u00e3o Francisco (Chesf), em Fortaleza e Regi\u00e3o Metropolitana, na noite desta segunda-feira, dia 1\u00b0 de abril, colocam novamente em alerta as Pol\u00edcias Civil e Militar do Cear\u00e1. Os motivos est\u00e3o sendo investigados, mas volta-se a temer a onda de ataques criminosos que atingiram o Estado no in\u00edcio do ano. No Conjunto Jereissati III, em Maracana\u00fa, houve uma tentativa de explos\u00e3o de uma torre da Chesf. O artefato foi detonado pr\u00f3ximo \u00e0&hellip;<\/p>\n","protected":false},"author":1,"featured_media":0,"comment_status":"open","ping_status":"open","sticky":false,"template":"","format":"standard","meta":{"footnotes":""},"categories":[1],"tags":[],"class_list":["post-12348","post","type-post","status-publish","format-standard","hentry","category-noticias"],"_links":{"self":[{"href":"https:\/\/blogdorogeriogomes.com.br\/noticias\/wp-json\/wp\/v2\/posts\/12348","targetHints":{"allow":["GET"]}}],"collection":[{"href":"https:\/\/blogdorogeriogomes.com.br\/noticias\/wp-json\/wp\/v2\/posts"}],"about":[{"href":"https:\/\/blogdorogeriogomes.com.br\/noticias\/wp-json\/wp\/v2\/types\/post"}],"author":[{"embeddable":true,"href":"https:\/\/blogdorogeriogomes.com.br\/noticias\/wp-json\/wp\/v2\/users\/1"}],"replies":[{"embeddable":true,"href":"https:\/\/blogdorogeriogomes.com.br\/noticias\/wp-json\/wp\/v2\/comments?post=12348"}],"version-history":[{"count":1,"href":"https:\/\/blogdorogeriogomes.com.br\/noticias\/wp-json\/wp\/v2\/posts\/12348\/revisions"}],"predecessor-version":[{"id":12350,"href":"https:\/\/blogdorogeriogomes.com.br\/noticias\/wp-json\/wp\/v2\/posts\/12348\/revisions\/12350"}],"wp:attachment":[{"href":"https:\/\/blogdorogeriogomes.com.br\/noticias\/wp-json\/wp\/v2\/media?parent=12348"}],"wp:term":[{"taxonomy":"category","embeddable":true,"href":"https:\/\/blogdorogeriogomes.com.br\/noticias\/wp-json\/wp\/v2\/categories?post=12348"},{"taxonomy":"post_tag","embeddable":true,"href":"https:\/\/blogdorogeriogomes.com.br\/noticias\/wp-json\/wp\/v2\/tags?post=12348"}],"curies":[{"name":"wp","href":"https:\/\/api.w.org\/{rel}","templated":true}]}}