{"id":12354,"date":"2019-04-02T11:15:04","date_gmt":"2019-04-02T11:15:04","guid":{"rendered":"http:\/\/blogdorogeriogomes.com.br\/?p=12354"},"modified":"2019-04-02T11:15:04","modified_gmt":"2019-04-02T11:15:04","slug":"roberto-claudio-amplia-distribuicao-de-medicamentos-da-area-da-saude-mental-em-fortaleza","status":"publish","type":"post","link":"https:\/\/blogdorogeriogomes.com.br\/noticias\/2019\/04\/roberto-claudio-amplia-distribuicao-de-medicamentos-da-area-da-saude-mental-em-fortaleza\/","title":{"rendered":"Roberto Cl\u00e1udio amplia distribui\u00e7\u00e3o de medicamentos da \u00e1rea da sa\u00fade mental em Fortaleza"},"content":{"rendered":"<p><img loading=\"lazy\" decoding=\"async\" class=\"alignnone size-medium wp-image-12355\" src=\"http:\/\/blogdorogeriogomes.com.br\/wp-content\/uploads\/2019\/04\/11b-300x176.jpg\" alt=\"11b\" width=\"300\" height=\"176\" srcset=\"https:\/\/blogdorogeriogomes.com.br\/noticias\/wp-content\/uploads\/2019\/04\/11b-300x176.jpg 300w, https:\/\/blogdorogeriogomes.com.br\/noticias\/wp-content\/uploads\/2019\/04\/11b-768x451.jpg 768w, https:\/\/blogdorogeriogomes.com.br\/noticias\/wp-content\/uploads\/2019\/04\/11b-1024x601.jpg 1024w\" sizes=\"auto, (max-width: 300px) 100vw, 300px\" \/><\/p>\n<p>O prefeito de Fortaleza, Roberto Cl\u00e1udio, inaugurou nesta segunda-feira, dia 1\u00b0 de abril, no Terminal de Messejana, o novo sistema de distribui\u00e7\u00e3o de medicamentos nos terminais de Fortaleza. Agora, al\u00e9m dos 84 itens da Aten\u00e7\u00e3o Prim\u00e1ria, 34 medicamentos da \u00e1rea da sa\u00fade mental tamb\u00e9m passam a ser distribu\u00eddos pelas centrais.<br \/>\nCom a amplia\u00e7\u00e3o, a mesma log\u00edstica de distribui\u00e7\u00e3o de medicamentos dos postos de sa\u00fade da Capital ser\u00e1 replicada para atender pacientes dos Centros de Aten\u00e7\u00e3o Psicossocial (Caps). A Prefeitura trabalha para assegurar o estoque desses 34 medicamentos nos pr\u00f3prios Caps; caso ocorra alguma falta eventual, o usu\u00e1rio ser\u00e1 encaminhado e orientado para receb\u00ea-lo na Central de Distribui\u00e7\u00e3o de Medicamentos localizada no terminal de \u00f4nibus de sua prefer\u00eancia. O medicamento ficar\u00e1 reservado para o paciente por um per\u00edodo de dois dias \u00fateis.<\/p>\n","protected":false},"excerpt":{"rendered":"<p>O prefeito de Fortaleza, Roberto Cl\u00e1udio, inaugurou nesta segunda-feira, dia 1\u00b0 de abril, no Terminal de Messejana, o novo sistema de distribui\u00e7\u00e3o de medicamentos nos terminais de Fortaleza. Agora, al\u00e9m dos 84 itens da Aten\u00e7\u00e3o Prim\u00e1ria, 34 medicamentos da \u00e1rea da sa\u00fade mental tamb\u00e9m passam a ser distribu\u00eddos pelas centrais. Com a amplia\u00e7\u00e3o, a mesma log\u00edstica de distribui\u00e7\u00e3o de medicamentos dos postos de sa\u00fade da Capital ser\u00e1 replicada para atender pacientes dos Centros de Aten\u00e7\u00e3o Psicossocial (Caps). A Prefeitura&hellip;<\/p>\n","protected":false},"author":1,"featured_media":0,"comment_status":"open","ping_status":"open","sticky":false,"template":"","format":"standard","meta":{"footnotes":""},"categories":[1],"tags":[],"class_list":["post-12354","post","type-post","status-publish","format-standard","hentry","category-noticias"],"_links":{"self":[{"href":"https:\/\/blogdorogeriogomes.com.br\/noticias\/wp-json\/wp\/v2\/posts\/12354","targetHints":{"allow":["GET"]}}],"collection":[{"href":"https:\/\/blogdorogeriogomes.com.br\/noticias\/wp-json\/wp\/v2\/posts"}],"about":[{"href":"https:\/\/blogdorogeriogomes.com.br\/noticias\/wp-json\/wp\/v2\/types\/post"}],"author":[{"embeddable":true,"href":"https:\/\/blogdorogeriogomes.com.br\/noticias\/wp-json\/wp\/v2\/users\/1"}],"replies":[{"embeddable":true,"href":"https:\/\/blogdorogeriogomes.com.br\/noticias\/wp-json\/wp\/v2\/comments?post=12354"}],"version-history":[{"count":1,"href":"https:\/\/blogdorogeriogomes.com.br\/noticias\/wp-json\/wp\/v2\/posts\/12354\/revisions"}],"predecessor-version":[{"id":12356,"href":"https:\/\/blogdorogeriogomes.com.br\/noticias\/wp-json\/wp\/v2\/posts\/12354\/revisions\/12356"}],"wp:attachment":[{"href":"https:\/\/blogdorogeriogomes.com.br\/noticias\/wp-json\/wp\/v2\/media?parent=12354"}],"wp:term":[{"taxonomy":"category","embeddable":true,"href":"https:\/\/blogdorogeriogomes.com.br\/noticias\/wp-json\/wp\/v2\/categories?post=12354"},{"taxonomy":"post_tag","embeddable":true,"href":"https:\/\/blogdorogeriogomes.com.br\/noticias\/wp-json\/wp\/v2\/tags?post=12354"}],"curies":[{"name":"wp","href":"https:\/\/api.w.org\/{rel}","templated":true}]}}