{"id":12358,"date":"2019-04-02T22:56:27","date_gmt":"2019-04-02T22:56:27","guid":{"rendered":"http:\/\/blogdorogeriogomes.com.br\/?p=12358"},"modified":"2019-04-02T22:56:27","modified_gmt":"2019-04-02T22:56:27","slug":"prefeitura-da-capital-anuncia-investimentos-na-cultura-para-2019","status":"publish","type":"post","link":"https:\/\/blogdorogeriogomes.com.br\/noticias\/2019\/04\/prefeitura-da-capital-anuncia-investimentos-na-cultura-para-2019\/","title":{"rendered":"Prefeitura da Capital anuncia investimentos na cultura para 2019"},"content":{"rendered":"<p><img loading=\"lazy\" decoding=\"async\" class=\"alignnone size-medium wp-image-12359\" src=\"http:\/\/blogdorogeriogomes.com.br\/wp-content\/uploads\/2019\/04\/IMG_20190402_194949_231-300x300.jpg\" alt=\"IMG_20190402_194949_231\" width=\"300\" height=\"300\" srcset=\"https:\/\/blogdorogeriogomes.com.br\/noticias\/wp-content\/uploads\/2019\/04\/IMG_20190402_194949_231-300x300.jpg 300w, https:\/\/blogdorogeriogomes.com.br\/noticias\/wp-content\/uploads\/2019\/04\/IMG_20190402_194949_231-150x150.jpg 150w, https:\/\/blogdorogeriogomes.com.br\/noticias\/wp-content\/uploads\/2019\/04\/IMG_20190402_194949_231-768x768.jpg 768w, https:\/\/blogdorogeriogomes.com.br\/noticias\/wp-content\/uploads\/2019\/04\/IMG_20190402_194949_231-1024x1024.jpg 1024w, https:\/\/blogdorogeriogomes.com.br\/noticias\/wp-content\/uploads\/2019\/04\/IMG_20190402_194949_231.jpg 1672w\" sizes=\"auto, (max-width: 300px) 100vw, 300px\" \/><\/p>\n<p>A Prefeitura de Fortaleza anuncia investimentos na \u00e1rea de cultura para 2019. No plano descrito pelo prefeito Roberto Cl\u00e1udio nesta ter\u00e7a-feira, dia 2 de abril, a Capital deve ganhar dois novos centros culturais: o Centro de Mem\u00f3ria Frei Tito e o Centro Cultural do Canindezinho. A Prefeitura deve ainda requalificar a pra\u00e7a Jos\u00e9 de Alencar e o Passeio P\u00fablico.<br \/>\nDevem ser investidos cerca de R$ 56 milh\u00f5es e 500 mil reais em investimentos previstos neste ano para a Cultura. O montante inclui financiamento colocado em grandes eventos, reformas e pol\u00edticas de prote\u00e7\u00e3o patrimonial. Roberto Cl\u00e1udio ressalta que o valor \u00e9 aproximadamente 40% a mais que o aplicado no setor em 2018.<\/p>\n","protected":false},"excerpt":{"rendered":"<p>A Prefeitura de Fortaleza anuncia investimentos na \u00e1rea de cultura para 2019. No plano descrito pelo prefeito Roberto Cl\u00e1udio nesta ter\u00e7a-feira, dia 2 de abril, a Capital deve ganhar dois novos centros culturais: o Centro de Mem\u00f3ria Frei Tito e o Centro Cultural do Canindezinho. A Prefeitura deve ainda requalificar a pra\u00e7a Jos\u00e9 de Alencar e o Passeio P\u00fablico. Devem ser investidos cerca de R$ 56 milh\u00f5es e 500 mil reais em investimentos previstos neste ano para a Cultura.&hellip;<\/p>\n","protected":false},"author":1,"featured_media":0,"comment_status":"open","ping_status":"open","sticky":false,"template":"","format":"standard","meta":{"footnotes":""},"categories":[1],"tags":[],"class_list":["post-12358","post","type-post","status-publish","format-standard","hentry","category-noticias"],"_links":{"self":[{"href":"https:\/\/blogdorogeriogomes.com.br\/noticias\/wp-json\/wp\/v2\/posts\/12358","targetHints":{"allow":["GET"]}}],"collection":[{"href":"https:\/\/blogdorogeriogomes.com.br\/noticias\/wp-json\/wp\/v2\/posts"}],"about":[{"href":"https:\/\/blogdorogeriogomes.com.br\/noticias\/wp-json\/wp\/v2\/types\/post"}],"author":[{"embeddable":true,"href":"https:\/\/blogdorogeriogomes.com.br\/noticias\/wp-json\/wp\/v2\/users\/1"}],"replies":[{"embeddable":true,"href":"https:\/\/blogdorogeriogomes.com.br\/noticias\/wp-json\/wp\/v2\/comments?post=12358"}],"version-history":[{"count":1,"href":"https:\/\/blogdorogeriogomes.com.br\/noticias\/wp-json\/wp\/v2\/posts\/12358\/revisions"}],"predecessor-version":[{"id":12360,"href":"https:\/\/blogdorogeriogomes.com.br\/noticias\/wp-json\/wp\/v2\/posts\/12358\/revisions\/12360"}],"wp:attachment":[{"href":"https:\/\/blogdorogeriogomes.com.br\/noticias\/wp-json\/wp\/v2\/media?parent=12358"}],"wp:term":[{"taxonomy":"category","embeddable":true,"href":"https:\/\/blogdorogeriogomes.com.br\/noticias\/wp-json\/wp\/v2\/categories?post=12358"},{"taxonomy":"post_tag","embeddable":true,"href":"https:\/\/blogdorogeriogomes.com.br\/noticias\/wp-json\/wp\/v2\/tags?post=12358"}],"curies":[{"name":"wp","href":"https:\/\/api.w.org\/{rel}","templated":true}]}}