{"id":12361,"date":"2019-04-03T11:06:13","date_gmt":"2019-04-03T11:06:13","guid":{"rendered":"http:\/\/blogdorogeriogomes.com.br\/?p=12361"},"modified":"2019-04-03T11:06:13","modified_gmt":"2019-04-03T11:06:13","slug":"embates-entre-governos-federal-e-estadual-esquentam-o-clima-entre-opositores-na-assembleia-legislativa","status":"publish","type":"post","link":"https:\/\/blogdorogeriogomes.com.br\/noticias\/2019\/04\/embates-entre-governos-federal-e-estadual-esquentam-o-clima-entre-opositores-na-assembleia-legislativa\/","title":{"rendered":"Embates entre Governos Federal e Estadual esquentam o clima entre opositores na Assembleia Legislativa"},"content":{"rendered":"<p><img loading=\"lazy\" decoding=\"async\" class=\"alignnone size-medium wp-image-12362\" src=\"http:\/\/blogdorogeriogomes.com.br\/wp-content\/uploads\/2019\/04\/IMG_20190403_080144_818-300x185.jpg\" alt=\"IMG_20190403_080144_818\" width=\"300\" height=\"185\" srcset=\"https:\/\/blogdorogeriogomes.com.br\/noticias\/wp-content\/uploads\/2019\/04\/IMG_20190403_080144_818-300x185.jpg 300w, https:\/\/blogdorogeriogomes.com.br\/noticias\/wp-content\/uploads\/2019\/04\/IMG_20190403_080144_818.jpg 672w\" sizes=\"auto, (max-width: 300px) 100vw, 300px\" \/><\/p>\n<p>Depois do Minist\u00e9rio da Justi\u00e7a recuar do an\u00fancio de implanta\u00e7\u00e3o de um programa de combate \u00e0 viol\u00eancia no Cear\u00e1, aumentaram as diverg\u00eancias pol\u00edticas entre os Governos Federal e Estadual. A troca de farpas envolve o secret\u00e1rio nacional de Seguran\u00e7a P\u00fablica, General Guilherme Theophilo, e o secret\u00e1rio de Seguran\u00e7a do Estado, Andr\u00e9 Costa. No in\u00edcio do m\u00eas passado, Maracana\u00fa foi anunciada como uma das cinco cidades escolhidas no Pa\u00eds para receber o Plano Nacional de Enfrentamento aos Crimes Violentos. O Minist\u00e9rio da Justi\u00e7a voltou com a decis\u00e3o e trocou Maracana\u00fa pelo munic\u00edpio de Paulista, em Pernambuco.<br \/>\nO problema \u00e9 a falta de clareza nos motivos para a mudan\u00e7a. Nesta ter\u00e7a-feira, dia 2 de abril, na Assembleia Legislativa do Cear\u00e1, aliados e opositores do governador Camilo Santana entraram em confronto na tribuna da Casa. General Guilherme Theophilo disse que Maracana\u00fa n\u00e3o receber\u00e1 mais o projeto por &#8220;falta de apoio&#8221; do governador Camilo Santana, sem detalhar, por\u00e9m, o que faltou. O secret\u00e1rio da Seguran\u00e7a do Estado, Andr\u00e9 Costa, rebateu, acusando Theophilo de mentiroso e criticando o projeto pela aus\u00eancia de crit\u00e9rios t\u00e9cnicos.<br \/>\nNa Assembleia, o embate envolveu o l\u00edder do governo na Assembleia, deputado J\u00falio C\u00e9sar Filho (PPS), que foi \u00e0 tribuna defender que o Estado estava \u00e0 disposi\u00e7\u00e3o para receber o programa, e a deputada Fernanda Pessoa (PSDB).<br \/>\nJulinho afirmou que o Governo Federal n\u00e3o apresentou as raz\u00f5es t\u00e9cnicas para escolha do munic\u00edpio de Maracana\u00fa. \u201cNenhum protocolo foi solicitado ao Estado. Me mostre um documento que comprove um pedido que o Estado n\u00e3o tenha atendido, apenas palavras vazias\u201d.<br \/>\nA deputada Fernanda Pessoa (PSDB), representante de Maracana\u00fa e aliada ao general Theophilo, que disputou o Governo do Estado nas elei\u00e7\u00f5es de 2018 pela legenda tucana contra Camilo Santana, rebateu J\u00falio Cesar na tribuna. Ela explicou que o munic\u00edpio apresenta altos \u00edndices de criminalidade, o que justificaria a escolha da cidade, e negou crit\u00e9rios pol\u00edticos. Ao subir o tom no pronunciamento, a press\u00e3o da deputada aumentou e ela passou mal.<br \/>\nJ\u00falio C\u00e9sar Filho e Fernanda Pessoa s\u00e3o lideran\u00e7as pol\u00edticas em Maracana\u00fa. Um pouco mais de di\u00e1logo \u00e9 necess\u00e1rio para resolver a quest\u00e3o de investimentos para o Munic\u00edpio. Desaven\u00e7as pol\u00edticas de longas datas, definitivamente, n\u00e3o v\u00e3o ajudar a popula\u00e7\u00e3o de Maracana\u00fa.<\/p>\n","protected":false},"excerpt":{"rendered":"<p>Depois do Minist\u00e9rio da Justi\u00e7a recuar do an\u00fancio de implanta\u00e7\u00e3o de um programa de combate \u00e0 viol\u00eancia no Cear\u00e1, aumentaram as diverg\u00eancias pol\u00edticas entre os Governos Federal e Estadual. A troca de farpas envolve o secret\u00e1rio nacional de Seguran\u00e7a P\u00fablica, General Guilherme Theophilo, e o secret\u00e1rio de Seguran\u00e7a do Estado, Andr\u00e9 Costa. No in\u00edcio do m\u00eas passado, Maracana\u00fa foi anunciada como uma das cinco cidades escolhidas no Pa\u00eds para receber o Plano Nacional de Enfrentamento aos Crimes Violentos. O&hellip;<\/p>\n","protected":false},"author":1,"featured_media":0,"comment_status":"open","ping_status":"open","sticky":false,"template":"","format":"standard","meta":{"footnotes":""},"categories":[1],"tags":[],"class_list":["post-12361","post","type-post","status-publish","format-standard","hentry","category-noticias"],"_links":{"self":[{"href":"https:\/\/blogdorogeriogomes.com.br\/noticias\/wp-json\/wp\/v2\/posts\/12361","targetHints":{"allow":["GET"]}}],"collection":[{"href":"https:\/\/blogdorogeriogomes.com.br\/noticias\/wp-json\/wp\/v2\/posts"}],"about":[{"href":"https:\/\/blogdorogeriogomes.com.br\/noticias\/wp-json\/wp\/v2\/types\/post"}],"author":[{"embeddable":true,"href":"https:\/\/blogdorogeriogomes.com.br\/noticias\/wp-json\/wp\/v2\/users\/1"}],"replies":[{"embeddable":true,"href":"https:\/\/blogdorogeriogomes.com.br\/noticias\/wp-json\/wp\/v2\/comments?post=12361"}],"version-history":[{"count":1,"href":"https:\/\/blogdorogeriogomes.com.br\/noticias\/wp-json\/wp\/v2\/posts\/12361\/revisions"}],"predecessor-version":[{"id":12363,"href":"https:\/\/blogdorogeriogomes.com.br\/noticias\/wp-json\/wp\/v2\/posts\/12361\/revisions\/12363"}],"wp:attachment":[{"href":"https:\/\/blogdorogeriogomes.com.br\/noticias\/wp-json\/wp\/v2\/media?parent=12361"}],"wp:term":[{"taxonomy":"category","embeddable":true,"href":"https:\/\/blogdorogeriogomes.com.br\/noticias\/wp-json\/wp\/v2\/categories?post=12361"},{"taxonomy":"post_tag","embeddable":true,"href":"https:\/\/blogdorogeriogomes.com.br\/noticias\/wp-json\/wp\/v2\/tags?post=12361"}],"curies":[{"name":"wp","href":"https:\/\/api.w.org\/{rel}","templated":true}]}}