{"id":12364,"date":"2019-04-03T11:21:35","date_gmt":"2019-04-03T11:21:35","guid":{"rendered":"http:\/\/blogdorogeriogomes.com.br\/?p=12364"},"modified":"2019-04-03T11:21:35","modified_gmt":"2019-04-03T11:21:35","slug":"programa-de-incentivo-ao-esporte-no-ceara-recebera-investimento-de-r-7-milhoes-em-2019","status":"publish","type":"post","link":"https:\/\/blogdorogeriogomes.com.br\/noticias\/2019\/04\/programa-de-incentivo-ao-esporte-no-ceara-recebera-investimento-de-r-7-milhoes-em-2019\/","title":{"rendered":"Programa de incentivo ao esporte no Cear\u00e1 receber\u00e1 investimento de R$ 7 milh\u00f5es em 2019"},"content":{"rendered":"<p><img loading=\"lazy\" decoding=\"async\" class=\"alignnone size-medium wp-image-12365\" src=\"http:\/\/blogdorogeriogomes.com.br\/wp-content\/uploads\/2019\/04\/IMG_20190403_081235_467-300x200.jpg\" alt=\"IMG_20190403_081235_467\" width=\"300\" height=\"200\" srcset=\"https:\/\/blogdorogeriogomes.com.br\/noticias\/wp-content\/uploads\/2019\/04\/IMG_20190403_081235_467-300x200.jpg 300w, https:\/\/blogdorogeriogomes.com.br\/noticias\/wp-content\/uploads\/2019\/04\/IMG_20190403_081235_467-768x512.jpg 768w, https:\/\/blogdorogeriogomes.com.br\/noticias\/wp-content\/uploads\/2019\/04\/IMG_20190403_081235_467-1024x683.jpg 1024w, https:\/\/blogdorogeriogomes.com.br\/noticias\/wp-content\/uploads\/2019\/04\/IMG_20190403_081235_467.jpg 1200w\" sizes=\"auto, (max-width: 300px) 100vw, 300px\" \/><\/p>\n<p>O apoio ao esporte cearense ganhar\u00e1 refor\u00e7o com a eleva\u00e7\u00e3o do programa Cear\u00e1 Atleta, que oferta bolsas aos talentos do Estado, ao car\u00e1ter de pol\u00edtica p\u00fablica. O governador Camilo Santana anunciou, em suas redes sociais, nesta ter\u00e7a-feira, dia 2 de abril, o envio de projeto para a Assembleia Legislativa, que garante a inclus\u00e3o do programa como lei estadual. Com isso, o Cear\u00e1 Atleta contar\u00e1 com or\u00e7amento garantido e continuidade das a\u00e7\u00f5es.<br \/>\nSer\u00e3o 4 mil bolsas apenas para 2019, com investimento de aproximadamente R$ 7 milh\u00f5es. A novidade \u00e9 a amplia\u00e7\u00e3o das vagas tamb\u00e9m para os atletas paraol\u00edmpicos, entre 15% e 20% do total.<\/p>\n","protected":false},"excerpt":{"rendered":"<p>O apoio ao esporte cearense ganhar\u00e1 refor\u00e7o com a eleva\u00e7\u00e3o do programa Cear\u00e1 Atleta, que oferta bolsas aos talentos do Estado, ao car\u00e1ter de pol\u00edtica p\u00fablica. O governador Camilo Santana anunciou, em suas redes sociais, nesta ter\u00e7a-feira, dia 2 de abril, o envio de projeto para a Assembleia Legislativa, que garante a inclus\u00e3o do programa como lei estadual. Com isso, o Cear\u00e1 Atleta contar\u00e1 com or\u00e7amento garantido e continuidade das a\u00e7\u00f5es. Ser\u00e3o 4 mil bolsas apenas para 2019, com&hellip;<\/p>\n","protected":false},"author":1,"featured_media":0,"comment_status":"open","ping_status":"open","sticky":false,"template":"","format":"standard","meta":{"footnotes":""},"categories":[1],"tags":[],"class_list":["post-12364","post","type-post","status-publish","format-standard","hentry","category-noticias"],"_links":{"self":[{"href":"https:\/\/blogdorogeriogomes.com.br\/noticias\/wp-json\/wp\/v2\/posts\/12364","targetHints":{"allow":["GET"]}}],"collection":[{"href":"https:\/\/blogdorogeriogomes.com.br\/noticias\/wp-json\/wp\/v2\/posts"}],"about":[{"href":"https:\/\/blogdorogeriogomes.com.br\/noticias\/wp-json\/wp\/v2\/types\/post"}],"author":[{"embeddable":true,"href":"https:\/\/blogdorogeriogomes.com.br\/noticias\/wp-json\/wp\/v2\/users\/1"}],"replies":[{"embeddable":true,"href":"https:\/\/blogdorogeriogomes.com.br\/noticias\/wp-json\/wp\/v2\/comments?post=12364"}],"version-history":[{"count":1,"href":"https:\/\/blogdorogeriogomes.com.br\/noticias\/wp-json\/wp\/v2\/posts\/12364\/revisions"}],"predecessor-version":[{"id":12366,"href":"https:\/\/blogdorogeriogomes.com.br\/noticias\/wp-json\/wp\/v2\/posts\/12364\/revisions\/12366"}],"wp:attachment":[{"href":"https:\/\/blogdorogeriogomes.com.br\/noticias\/wp-json\/wp\/v2\/media?parent=12364"}],"wp:term":[{"taxonomy":"category","embeddable":true,"href":"https:\/\/blogdorogeriogomes.com.br\/noticias\/wp-json\/wp\/v2\/categories?post=12364"},{"taxonomy":"post_tag","embeddable":true,"href":"https:\/\/blogdorogeriogomes.com.br\/noticias\/wp-json\/wp\/v2\/tags?post=12364"}],"curies":[{"name":"wp","href":"https:\/\/api.w.org\/{rel}","templated":true}]}}