{"id":12379,"date":"2019-04-05T10:35:48","date_gmt":"2019-04-05T10:35:48","guid":{"rendered":"http:\/\/blogdorogeriogomes.com.br\/?p=12379"},"modified":"2019-04-05T10:35:48","modified_gmt":"2019-04-05T10:35:48","slug":"medicos-brasileiros-comecam-a-deixar-o-programa-mais-medicos-apos-mudancas-do-governo-bolsonaro","status":"publish","type":"post","link":"https:\/\/blogdorogeriogomes.com.br\/noticias\/2019\/04\/medicos-brasileiros-comecam-a-deixar-o-programa-mais-medicos-apos-mudancas-do-governo-bolsonaro\/","title":{"rendered":"M\u00e9dicos brasileiros come\u00e7am a deixar o Programa Mais M\u00e9dicos ap\u00f3s mudan\u00e7as do Governo Bolsonaro"},"content":{"rendered":"<p><img loading=\"lazy\" decoding=\"async\" class=\"alignnone size-medium wp-image-12380\" src=\"http:\/\/blogdorogeriogomes.com.br\/wp-content\/uploads\/2019\/04\/images-57-300x200.jpeg\" alt=\"images (57)\" width=\"300\" height=\"200\" srcset=\"https:\/\/blogdorogeriogomes.com.br\/noticias\/wp-content\/uploads\/2019\/04\/images-57-300x200.jpeg 300w, https:\/\/blogdorogeriogomes.com.br\/noticias\/wp-content\/uploads\/2019\/04\/images-57.jpeg 673w\" sizes=\"auto, (max-width: 300px) 100vw, 300px\" \/><\/p>\n<p>O plano do Governo Bolsonaro para remendar os preju\u00edzos provocados pela sa\u00edda dos m\u00e9dicos cubanos do Brasil come\u00e7a a n\u00e3o dar resultados. Cerca de 15% dos m\u00e9dicos brasileiros que entraram no Mais M\u00e9dicos j\u00e1 deixaram o programa nos primeiros tr\u00eas meses.<br \/>\n&#8220;Ao menos 1.052 m\u00e9dicos que assumiram entre dezembro de 2018 e janeiro deste ano j\u00e1 deixaram as vagas&#8221;, segundo reportagem da Folha de S\u00e3o Paulo.<br \/>\nA reportagem aponta uma perspectiva preocupante. Milh\u00f5es de brasileiros podem ficar sem assist\u00eancia. &#8220;O registro de sa\u00eddas dos m\u00e9dicos em menos de tr\u00eas meses de trabalho preocupa secret\u00e1rios de sa\u00fade&#8221;, diz o jornal. &#8220;Diante da possibilidade anunciada pela nova gest\u00e3o de mudan\u00e7as no Mais M\u00e9dicos, ainda n\u00e3o h\u00e1 data prevista para reposi\u00e7\u00e3o das vagas&#8221;.<br \/>\nMais de oito mil m\u00e9dicos cubanos atendiam a popula\u00e7\u00e3o carente do Brasil, em munic\u00edpios do interior e em bairros populares das capitais. Os cubanos deixaram o Brasil em dezembro do ano passado devido \u00e0s declara\u00e7\u00f5es hostis e provoca\u00e7\u00f5es pol\u00edticas de Bolsonaro.<\/p>\n","protected":false},"excerpt":{"rendered":"<p>O plano do Governo Bolsonaro para remendar os preju\u00edzos provocados pela sa\u00edda dos m\u00e9dicos cubanos do Brasil come\u00e7a a n\u00e3o dar resultados. Cerca de 15% dos m\u00e9dicos brasileiros que entraram no Mais M\u00e9dicos j\u00e1 deixaram o programa nos primeiros tr\u00eas meses. &#8220;Ao menos 1.052 m\u00e9dicos que assumiram entre dezembro de 2018 e janeiro deste ano j\u00e1 deixaram as vagas&#8221;, segundo reportagem da Folha de S\u00e3o Paulo. A reportagem aponta uma perspectiva preocupante. Milh\u00f5es de brasileiros podem ficar sem assist\u00eancia.&hellip;<\/p>\n","protected":false},"author":1,"featured_media":0,"comment_status":"open","ping_status":"open","sticky":false,"template":"","format":"standard","meta":{"footnotes":""},"categories":[1],"tags":[],"class_list":["post-12379","post","type-post","status-publish","format-standard","hentry","category-noticias"],"_links":{"self":[{"href":"https:\/\/blogdorogeriogomes.com.br\/noticias\/wp-json\/wp\/v2\/posts\/12379","targetHints":{"allow":["GET"]}}],"collection":[{"href":"https:\/\/blogdorogeriogomes.com.br\/noticias\/wp-json\/wp\/v2\/posts"}],"about":[{"href":"https:\/\/blogdorogeriogomes.com.br\/noticias\/wp-json\/wp\/v2\/types\/post"}],"author":[{"embeddable":true,"href":"https:\/\/blogdorogeriogomes.com.br\/noticias\/wp-json\/wp\/v2\/users\/1"}],"replies":[{"embeddable":true,"href":"https:\/\/blogdorogeriogomes.com.br\/noticias\/wp-json\/wp\/v2\/comments?post=12379"}],"version-history":[{"count":1,"href":"https:\/\/blogdorogeriogomes.com.br\/noticias\/wp-json\/wp\/v2\/posts\/12379\/revisions"}],"predecessor-version":[{"id":12381,"href":"https:\/\/blogdorogeriogomes.com.br\/noticias\/wp-json\/wp\/v2\/posts\/12379\/revisions\/12381"}],"wp:attachment":[{"href":"https:\/\/blogdorogeriogomes.com.br\/noticias\/wp-json\/wp\/v2\/media?parent=12379"}],"wp:term":[{"taxonomy":"category","embeddable":true,"href":"https:\/\/blogdorogeriogomes.com.br\/noticias\/wp-json\/wp\/v2\/categories?post=12379"},{"taxonomy":"post_tag","embeddable":true,"href":"https:\/\/blogdorogeriogomes.com.br\/noticias\/wp-json\/wp\/v2\/tags?post=12379"}],"curies":[{"name":"wp","href":"https:\/\/api.w.org\/{rel}","templated":true}]}}