{"id":12391,"date":"2019-04-06T11:40:58","date_gmt":"2019-04-06T11:40:58","guid":{"rendered":"http:\/\/blogdorogeriogomes.com.br\/?p=12391"},"modified":"2019-04-06T11:40:58","modified_gmt":"2019-04-06T11:40:58","slug":"frente-em-defesa-do-bnb-vai-se-reunir-com-ministro-da-casa-civil-na-proxima-semana","status":"publish","type":"post","link":"https:\/\/blogdorogeriogomes.com.br\/noticias\/2019\/04\/frente-em-defesa-do-bnb-vai-se-reunir-com-ministro-da-casa-civil-na-proxima-semana\/","title":{"rendered":"Frente em defesa do BNB vai se reunir com ministro da Casa Civil na pr\u00f3xima semana"},"content":{"rendered":"<p><img loading=\"lazy\" decoding=\"async\" class=\"alignnone size-medium wp-image-12392\" src=\"http:\/\/blogdorogeriogomes.com.br\/wp-content\/uploads\/2019\/04\/image-10-300x169.jpg\" alt=\"image (10)\" width=\"300\" height=\"169\" srcset=\"https:\/\/blogdorogeriogomes.com.br\/noticias\/wp-content\/uploads\/2019\/04\/image-10-300x169.jpg 300w, https:\/\/blogdorogeriogomes.com.br\/noticias\/wp-content\/uploads\/2019\/04\/image-10.jpg 400w\" sizes=\"auto, (max-width: 300px) 100vw, 300px\" \/><\/p>\n<p>Foi criada uma Frente Parlamentar em defesa do Banco do Nordeste do Brasil (BNB), na Assembleia Legislativa do Cear\u00e1. O grupo \u00e9 formado por deputados estaduais, federais, dirigentes e funcion\u00e1rios do BNB, al\u00e9m de empres\u00e1rios e lideran\u00e7as pol\u00edticas e sindicais.<br \/>\nA primeira a\u00e7\u00e3o da Frente ser\u00e1 a entrega, na pr\u00f3xima semana, de um documento ao ministro Onyx Lorenzoni, da Casa Civil, oficializando a posi\u00e7\u00e3o da Frente sobre mudan\u00e7as especuladas em rela\u00e7\u00e3o \u00e0 institui\u00e7\u00e3o.<br \/>\nA Frente Parlamentar foi proposta pela comitiva cearense no \u00faltimo ParlaNordeste, encontro de presidentes de assembleias e deputados realizado na sexta-feira, dia 29 de mar\u00e7o, em S\u00e3o Lu\u00eds (MA).<\/p>\n","protected":false},"excerpt":{"rendered":"<p>Foi criada uma Frente Parlamentar em defesa do Banco do Nordeste do Brasil (BNB), na Assembleia Legislativa do Cear\u00e1. O grupo \u00e9 formado por deputados estaduais, federais, dirigentes e funcion\u00e1rios do BNB, al\u00e9m de empres\u00e1rios e lideran\u00e7as pol\u00edticas e sindicais. A primeira a\u00e7\u00e3o da Frente ser\u00e1 a entrega, na pr\u00f3xima semana, de um documento ao ministro Onyx Lorenzoni, da Casa Civil, oficializando a posi\u00e7\u00e3o da Frente sobre mudan\u00e7as especuladas em rela\u00e7\u00e3o \u00e0 institui\u00e7\u00e3o. A Frente Parlamentar foi proposta pela&hellip;<\/p>\n","protected":false},"author":1,"featured_media":0,"comment_status":"open","ping_status":"open","sticky":false,"template":"","format":"standard","meta":{"footnotes":""},"categories":[1],"tags":[],"class_list":["post-12391","post","type-post","status-publish","format-standard","hentry","category-noticias"],"_links":{"self":[{"href":"https:\/\/blogdorogeriogomes.com.br\/noticias\/wp-json\/wp\/v2\/posts\/12391","targetHints":{"allow":["GET"]}}],"collection":[{"href":"https:\/\/blogdorogeriogomes.com.br\/noticias\/wp-json\/wp\/v2\/posts"}],"about":[{"href":"https:\/\/blogdorogeriogomes.com.br\/noticias\/wp-json\/wp\/v2\/types\/post"}],"author":[{"embeddable":true,"href":"https:\/\/blogdorogeriogomes.com.br\/noticias\/wp-json\/wp\/v2\/users\/1"}],"replies":[{"embeddable":true,"href":"https:\/\/blogdorogeriogomes.com.br\/noticias\/wp-json\/wp\/v2\/comments?post=12391"}],"version-history":[{"count":1,"href":"https:\/\/blogdorogeriogomes.com.br\/noticias\/wp-json\/wp\/v2\/posts\/12391\/revisions"}],"predecessor-version":[{"id":12393,"href":"https:\/\/blogdorogeriogomes.com.br\/noticias\/wp-json\/wp\/v2\/posts\/12391\/revisions\/12393"}],"wp:attachment":[{"href":"https:\/\/blogdorogeriogomes.com.br\/noticias\/wp-json\/wp\/v2\/media?parent=12391"}],"wp:term":[{"taxonomy":"category","embeddable":true,"href":"https:\/\/blogdorogeriogomes.com.br\/noticias\/wp-json\/wp\/v2\/categories?post=12391"},{"taxonomy":"post_tag","embeddable":true,"href":"https:\/\/blogdorogeriogomes.com.br\/noticias\/wp-json\/wp\/v2\/tags?post=12391"}],"curies":[{"name":"wp","href":"https:\/\/api.w.org\/{rel}","templated":true}]}}