{"id":12394,"date":"2019-04-07T11:49:49","date_gmt":"2019-04-07T11:49:49","guid":{"rendered":"http:\/\/blogdorogeriogomes.com.br\/?p=12394"},"modified":"2019-04-07T11:49:49","modified_gmt":"2019-04-07T11:49:49","slug":"queda-na-aprovacao-popular-acende-alerta-no-planalto-para-mudanca-de-postura-de-bolsonaro","status":"publish","type":"post","link":"https:\/\/blogdorogeriogomes.com.br\/noticias\/2019\/04\/queda-na-aprovacao-popular-acende-alerta-no-planalto-para-mudanca-de-postura-de-bolsonaro\/","title":{"rendered":"Queda na aprova\u00e7\u00e3o popular acende alerta no Planalto para mudan\u00e7a de postura de Bolsonaro"},"content":{"rendered":"<p><img loading=\"lazy\" decoding=\"async\" class=\"alignnone size-medium wp-image-12395\" src=\"http:\/\/blogdorogeriogomes.com.br\/wp-content\/uploads\/2019\/04\/images-59-300x200.jpeg\" alt=\"images (59)\" width=\"300\" height=\"200\" srcset=\"https:\/\/blogdorogeriogomes.com.br\/noticias\/wp-content\/uploads\/2019\/04\/images-59-300x200.jpeg 300w, https:\/\/blogdorogeriogomes.com.br\/noticias\/wp-content\/uploads\/2019\/04\/images-59.jpeg 678w\" sizes=\"auto, (max-width: 300px) 100vw, 300px\" \/><\/p>\n<p>A queda de popularidade de Jair Bolsonaro diante de uma dificuldade de articula\u00e7\u00e3o pol\u00edtica com o Congresso e com a\u00e7\u00f5es, por enquanto, ineficazes para recuperar a economia ap\u00f3s tr\u00eas meses de governo, preocupam o Planalto. E os n\u00fameros est\u00e3o a\u00ed nas \u00faltimas pesquisas de opini\u00e3o p\u00fablica.<br \/>\nSegundo o Datafolha, Jair Bolsonaro registra a pior avalia\u00e7\u00e3o ap\u00f3s tr\u00eas meses de governo entre os presidentes eleitos para um primeiro mandato desde a redemocratiza\u00e7\u00e3o de 1985.<\/p>\n<p>Cerca de 30% dos brasileiros entrevistados consideram o governo de Bolsonaro ruim ou p\u00e9ssimo, \u00edndice semelhante ao daqueles que consideram \u00f3timo ou bom (32%) ou regular (33%).<br \/>\nA compara\u00e7\u00e3o dos dados da nova pesquisa Datafolha com os resultados obtidos por Jair Bolsonaro na elei\u00e7\u00e3o oferece term\u00f4metro expressivo da queima de capital pol\u00edtico nos tr\u00eas primeiros meses de governo. Na regi\u00e3o Sul, onde o presidente alcan\u00e7ou seu maior \u00edndice de vota\u00e7\u00e3o, 68%, apenas 39% classificam seu governo como \u00f3timo ou bom e 54% dizem que ele fez menos do que o esperado. No Sudeste, onde conquistou 65,4% dos votos v\u00e1lidos, o percentual de frustrados chega a 59%.<\/p>\n","protected":false},"excerpt":{"rendered":"<p>A queda de popularidade de Jair Bolsonaro diante de uma dificuldade de articula\u00e7\u00e3o pol\u00edtica com o Congresso e com a\u00e7\u00f5es, por enquanto, ineficazes para recuperar a economia ap\u00f3s tr\u00eas meses de governo, preocupam o Planalto. E os n\u00fameros est\u00e3o a\u00ed nas \u00faltimas pesquisas de opini\u00e3o p\u00fablica. Segundo o Datafolha, Jair Bolsonaro registra a pior avalia\u00e7\u00e3o ap\u00f3s tr\u00eas meses de governo entre os presidentes eleitos para um primeiro mandato desde a redemocratiza\u00e7\u00e3o de 1985. Cerca de 30% dos brasileiros entrevistados&hellip;<\/p>\n","protected":false},"author":1,"featured_media":0,"comment_status":"open","ping_status":"open","sticky":false,"template":"","format":"standard","meta":{"footnotes":""},"categories":[1],"tags":[],"class_list":["post-12394","post","type-post","status-publish","format-standard","hentry","category-noticias"],"_links":{"self":[{"href":"https:\/\/blogdorogeriogomes.com.br\/noticias\/wp-json\/wp\/v2\/posts\/12394","targetHints":{"allow":["GET"]}}],"collection":[{"href":"https:\/\/blogdorogeriogomes.com.br\/noticias\/wp-json\/wp\/v2\/posts"}],"about":[{"href":"https:\/\/blogdorogeriogomes.com.br\/noticias\/wp-json\/wp\/v2\/types\/post"}],"author":[{"embeddable":true,"href":"https:\/\/blogdorogeriogomes.com.br\/noticias\/wp-json\/wp\/v2\/users\/1"}],"replies":[{"embeddable":true,"href":"https:\/\/blogdorogeriogomes.com.br\/noticias\/wp-json\/wp\/v2\/comments?post=12394"}],"version-history":[{"count":1,"href":"https:\/\/blogdorogeriogomes.com.br\/noticias\/wp-json\/wp\/v2\/posts\/12394\/revisions"}],"predecessor-version":[{"id":12396,"href":"https:\/\/blogdorogeriogomes.com.br\/noticias\/wp-json\/wp\/v2\/posts\/12394\/revisions\/12396"}],"wp:attachment":[{"href":"https:\/\/blogdorogeriogomes.com.br\/noticias\/wp-json\/wp\/v2\/media?parent=12394"}],"wp:term":[{"taxonomy":"category","embeddable":true,"href":"https:\/\/blogdorogeriogomes.com.br\/noticias\/wp-json\/wp\/v2\/categories?post=12394"},{"taxonomy":"post_tag","embeddable":true,"href":"https:\/\/blogdorogeriogomes.com.br\/noticias\/wp-json\/wp\/v2\/tags?post=12394"}],"curies":[{"name":"wp","href":"https:\/\/api.w.org\/{rel}","templated":true}]}}