{"id":12397,"date":"2019-04-07T12:11:25","date_gmt":"2019-04-07T12:11:25","guid":{"rendered":"http:\/\/blogdorogeriogomes.com.br\/?p=12397"},"modified":"2019-04-07T12:11:25","modified_gmt":"2019-04-07T12:11:25","slug":"lula-completa-um-ano-preso-e-vive-incognita-quanto-a-julgamento-de-recurso-no-stj","status":"publish","type":"post","link":"https:\/\/blogdorogeriogomes.com.br\/noticias\/2019\/04\/lula-completa-um-ano-preso-e-vive-incognita-quanto-a-julgamento-de-recurso-no-stj\/","title":{"rendered":"Lula completa um ano preso e vive inc\u00f3gnita quanto a julgamento de recurso no STJ"},"content":{"rendered":"<p><img loading=\"lazy\" decoding=\"async\" class=\"alignnone size-medium wp-image-12398\" src=\"http:\/\/blogdorogeriogomes.com.br\/wp-content\/uploads\/2019\/04\/7426348_x720-300x169.jpg\" alt=\"7426348_x720\" width=\"300\" height=\"169\" srcset=\"https:\/\/blogdorogeriogomes.com.br\/noticias\/wp-content\/uploads\/2019\/04\/7426348_x720-300x169.jpg 300w, https:\/\/blogdorogeriogomes.com.br\/noticias\/wp-content\/uploads\/2019\/04\/7426348_x720-768x432.jpg 768w, https:\/\/blogdorogeriogomes.com.br\/noticias\/wp-content\/uploads\/2019\/04\/7426348_x720-1024x576.jpg 1024w, https:\/\/blogdorogeriogomes.com.br\/noticias\/wp-content\/uploads\/2019\/04\/7426348_x720.jpg 1280w\" sizes=\"auto, (max-width: 300px) 100vw, 300px\" \/><\/p>\n<p>O ex-presidente Lula completa um ano de pris\u00e3o na Superintend\u00eancia da Pol\u00edcia Federal em Curitiba, neste domingo, dia 7 de abril. O dia ser\u00e1 de manifesta\u00e7\u00f5es pelo \u201cLula Livre\u201d em v\u00e1rias capitais do Pa\u00eds e tamb\u00e9m no Exterior.<br \/>\nEm carta divulgada \u00e0 m\u00eddia e \u00e0 milit\u00e2ncia, Lula afirma: \u201cFaz um ano que estou preso injustamente, acusado e condenado por um crime que nunca existiu. Cada dia que passei aqui fez aumentar minha indigna\u00e7\u00e3o, mas mantenho a f\u00e9 num julgamento justo em que a verdade vai prevalecer. Posso dormir com a consci\u00eancia tranquila de minha inoc\u00eancia. Duvido que tenham sono leve os que me condenaram numa farsa judicial\u201d.<br \/>\nO ex-presidente ainda acrescenta no artigo: \u201cNada encontraram para me incriminar: nem conversas de bandidos, nem malas de dinheiro, nem contas no exterior. Mesmo assim fui condenado em prazo recorde, por Sergio Moro e pelo TRF-4, por \u201catos indeterminados\u201d sem que achassem qualquer conex\u00e3o entre o apartamento que nunca foi meu e supostos desvios da Petrobras. O Supremo negou-me um justo pedido de habeas corpus, sob press\u00e3o da m\u00eddia, do mercado e at\u00e9 das For\u00e7as Armadas, como confirmou recentemente Jair Bolsonaro, o maior benefici\u00e1rio daquela persegui\u00e7\u00e3o\u201d.<br \/>\nA defesa do ex-presidente espera o julgamento de um recurso de habeas corpus no Superior Tribunal de Justi\u00e7a e tamb\u00e9m aguarda a aprecia\u00e7\u00e3o da pris\u00e3o de segunda inst\u00e2ncia no Supremo Tribunal Federal. Por enquanto, Lula descarta a possibilidade de pedir o benef\u00edcio de pris\u00e3o domiciliar. \u201cPrefiro andar de cabe\u00e7a erguida aqui dentro do que ficar de cabe\u00e7a baixa l\u00e1 fora\u201d, disse o ex-presidente.<\/p>\n","protected":false},"excerpt":{"rendered":"<p>O ex-presidente Lula completa um ano de pris\u00e3o na Superintend\u00eancia da Pol\u00edcia Federal em Curitiba, neste domingo, dia 7 de abril. O dia ser\u00e1 de manifesta\u00e7\u00f5es pelo \u201cLula Livre\u201d em v\u00e1rias capitais do Pa\u00eds e tamb\u00e9m no Exterior. Em carta divulgada \u00e0 m\u00eddia e \u00e0 milit\u00e2ncia, Lula afirma: \u201cFaz um ano que estou preso injustamente, acusado e condenado por um crime que nunca existiu. Cada dia que passei aqui fez aumentar minha indigna\u00e7\u00e3o, mas mantenho a f\u00e9 num julgamento&hellip;<\/p>\n","protected":false},"author":1,"featured_media":0,"comment_status":"open","ping_status":"open","sticky":false,"template":"","format":"standard","meta":{"footnotes":""},"categories":[1],"tags":[],"class_list":["post-12397","post","type-post","status-publish","format-standard","hentry","category-noticias"],"_links":{"self":[{"href":"https:\/\/blogdorogeriogomes.com.br\/noticias\/wp-json\/wp\/v2\/posts\/12397","targetHints":{"allow":["GET"]}}],"collection":[{"href":"https:\/\/blogdorogeriogomes.com.br\/noticias\/wp-json\/wp\/v2\/posts"}],"about":[{"href":"https:\/\/blogdorogeriogomes.com.br\/noticias\/wp-json\/wp\/v2\/types\/post"}],"author":[{"embeddable":true,"href":"https:\/\/blogdorogeriogomes.com.br\/noticias\/wp-json\/wp\/v2\/users\/1"}],"replies":[{"embeddable":true,"href":"https:\/\/blogdorogeriogomes.com.br\/noticias\/wp-json\/wp\/v2\/comments?post=12397"}],"version-history":[{"count":1,"href":"https:\/\/blogdorogeriogomes.com.br\/noticias\/wp-json\/wp\/v2\/posts\/12397\/revisions"}],"predecessor-version":[{"id":12399,"href":"https:\/\/blogdorogeriogomes.com.br\/noticias\/wp-json\/wp\/v2\/posts\/12397\/revisions\/12399"}],"wp:attachment":[{"href":"https:\/\/blogdorogeriogomes.com.br\/noticias\/wp-json\/wp\/v2\/media?parent=12397"}],"wp:term":[{"taxonomy":"category","embeddable":true,"href":"https:\/\/blogdorogeriogomes.com.br\/noticias\/wp-json\/wp\/v2\/categories?post=12397"},{"taxonomy":"post_tag","embeddable":true,"href":"https:\/\/blogdorogeriogomes.com.br\/noticias\/wp-json\/wp\/v2\/tags?post=12397"}],"curies":[{"name":"wp","href":"https:\/\/api.w.org\/{rel}","templated":true}]}}