{"id":12400,"date":"2019-04-08T11:24:54","date_gmt":"2019-04-08T11:24:54","guid":{"rendered":"http:\/\/blogdorogeriogomes.com.br\/?p=12400"},"modified":"2019-04-08T11:24:54","modified_gmt":"2019-04-08T11:24:54","slug":"camilo-santana-apresenta-oportunidades-de-investimentos-no-ceara-durante-evento-nos-eua","status":"publish","type":"post","link":"https:\/\/blogdorogeriogomes.com.br\/noticias\/2019\/04\/camilo-santana-apresenta-oportunidades-de-investimentos-no-ceara-durante-evento-nos-eua\/","title":{"rendered":"Camilo Santana apresenta oportunidades de investimentos no Cear\u00e1 durante evento nos EUA"},"content":{"rendered":"<p><img loading=\"lazy\" decoding=\"async\" class=\"alignnone size-medium wp-image-12401\" src=\"http:\/\/blogdorogeriogomes.com.br\/wp-content\/uploads\/2019\/04\/IMG_20190408_082147_787-300x239.jpg\" alt=\"IMG_20190408_082147_787\" width=\"300\" height=\"239\" srcset=\"https:\/\/blogdorogeriogomes.com.br\/noticias\/wp-content\/uploads\/2019\/04\/IMG_20190408_082147_787-300x239.jpg 300w, https:\/\/blogdorogeriogomes.com.br\/noticias\/wp-content\/uploads\/2019\/04\/IMG_20190408_082147_787-768x612.jpg 768w, https:\/\/blogdorogeriogomes.com.br\/noticias\/wp-content\/uploads\/2019\/04\/IMG_20190408_082147_787.jpg 1004w\" sizes=\"auto, (max-width: 300px) 100vw, 300px\" \/><\/p>\n<p>Em viagem aos Estados Unidos, o governador do Cear\u00e1, Camilo Santana, participa nesta segunda-feira, dia 8 de abril, do evento Brazil Summit 2019, em Nova Iorque.<br \/>\nNo encontro, com a participa\u00e7\u00e3o de empres\u00e1rios de todo o mundo, o chefe do Executivo cearense vai ministrar palestra com o tema: Situa\u00e7\u00e3o Econ\u00f4mica e Oportunidades de Investimentos\u201d, na qual ele vai ressaltar a situa\u00e7\u00e3o favor\u00e1vel do Cear\u00e1 para atrair novos investimentos.<br \/>\nNa \u00faltima sexta-feira, dia 5, tamb\u00e9m cumprindo agenda internacional, o governador Camilo Santana participou de painel sobre seguran\u00e7a p\u00fablica no evento Brazil Conference 2019, na Universidade de Harvard, em Boston.<br \/>\nCamilo Santana apresentou a experi\u00eancia do Pacto por um Cear\u00e1 Pac\u00edfico e os tr\u00eas eixos que norteiam as pol\u00edticas p\u00fablicas do Estado na \u00e1rea: fortalecimento policial; reestrutura\u00e7\u00e3o do sistema prisional; e o aspecto da preven\u00e7\u00e3o.<\/p>\n","protected":false},"excerpt":{"rendered":"<p>Em viagem aos Estados Unidos, o governador do Cear\u00e1, Camilo Santana, participa nesta segunda-feira, dia 8 de abril, do evento Brazil Summit 2019, em Nova Iorque. No encontro, com a participa\u00e7\u00e3o de empres\u00e1rios de todo o mundo, o chefe do Executivo cearense vai ministrar palestra com o tema: Situa\u00e7\u00e3o Econ\u00f4mica e Oportunidades de Investimentos\u201d, na qual ele vai ressaltar a situa\u00e7\u00e3o favor\u00e1vel do Cear\u00e1 para atrair novos investimentos. Na \u00faltima sexta-feira, dia 5, tamb\u00e9m cumprindo agenda internacional, o governador&hellip;<\/p>\n","protected":false},"author":1,"featured_media":0,"comment_status":"open","ping_status":"open","sticky":false,"template":"","format":"standard","meta":{"footnotes":""},"categories":[1],"tags":[],"class_list":["post-12400","post","type-post","status-publish","format-standard","hentry","category-noticias"],"_links":{"self":[{"href":"https:\/\/blogdorogeriogomes.com.br\/noticias\/wp-json\/wp\/v2\/posts\/12400","targetHints":{"allow":["GET"]}}],"collection":[{"href":"https:\/\/blogdorogeriogomes.com.br\/noticias\/wp-json\/wp\/v2\/posts"}],"about":[{"href":"https:\/\/blogdorogeriogomes.com.br\/noticias\/wp-json\/wp\/v2\/types\/post"}],"author":[{"embeddable":true,"href":"https:\/\/blogdorogeriogomes.com.br\/noticias\/wp-json\/wp\/v2\/users\/1"}],"replies":[{"embeddable":true,"href":"https:\/\/blogdorogeriogomes.com.br\/noticias\/wp-json\/wp\/v2\/comments?post=12400"}],"version-history":[{"count":1,"href":"https:\/\/blogdorogeriogomes.com.br\/noticias\/wp-json\/wp\/v2\/posts\/12400\/revisions"}],"predecessor-version":[{"id":12402,"href":"https:\/\/blogdorogeriogomes.com.br\/noticias\/wp-json\/wp\/v2\/posts\/12400\/revisions\/12402"}],"wp:attachment":[{"href":"https:\/\/blogdorogeriogomes.com.br\/noticias\/wp-json\/wp\/v2\/media?parent=12400"}],"wp:term":[{"taxonomy":"category","embeddable":true,"href":"https:\/\/blogdorogeriogomes.com.br\/noticias\/wp-json\/wp\/v2\/categories?post=12400"},{"taxonomy":"post_tag","embeddable":true,"href":"https:\/\/blogdorogeriogomes.com.br\/noticias\/wp-json\/wp\/v2\/tags?post=12400"}],"curies":[{"name":"wp","href":"https:\/\/api.w.org\/{rel}","templated":true}]}}