{"id":12403,"date":"2019-04-08T11:48:36","date_gmt":"2019-04-08T11:48:36","guid":{"rendered":"http:\/\/blogdorogeriogomes.com.br\/?p=12403"},"modified":"2019-04-08T11:48:36","modified_gmt":"2019-04-08T11:48:36","slug":"sistema-penitenciario-do-ceara-passa-por-vistoria-de-agentes-federais","status":"publish","type":"post","link":"https:\/\/blogdorogeriogomes.com.br\/noticias\/2019\/04\/sistema-penitenciario-do-ceara-passa-por-vistoria-de-agentes-federais\/","title":{"rendered":"Sistema penitenci\u00e1rio do Cear\u00e1 passa por vistoria de agentes federais"},"content":{"rendered":"<p><img loading=\"lazy\" decoding=\"async\" class=\"alignnone size-medium wp-image-12404\" src=\"http:\/\/blogdorogeriogomes.com.br\/wp-content\/uploads\/2019\/04\/IMG_20190408_084437_079-300x172.jpg\" alt=\"IMG_20190408_084437_079\" width=\"300\" height=\"172\" srcset=\"https:\/\/blogdorogeriogomes.com.br\/noticias\/wp-content\/uploads\/2019\/04\/IMG_20190408_084437_079-300x172.jpg 300w, https:\/\/blogdorogeriogomes.com.br\/noticias\/wp-content\/uploads\/2019\/04\/IMG_20190408_084437_079.jpg 724w\" sizes=\"auto, (max-width: 300px) 100vw, 300px\" \/><\/p>\n<p>O sistema penitenci\u00e1rio do Cear\u00e1 passa desta segunda-feira, dia 8 de abril, at\u00e9 quarta-feira, dia 10, por uma inspe\u00e7\u00e3o do Departamento Penitenci\u00e1rio Nacional (Depen), que \u00e9 ligado ao Minist\u00e9rio da Justi\u00e7a e Seguran\u00e7a P\u00fablica. O objetivo \u00e9 verificar as mudan\u00e7as j\u00e1 realizadas nos pres\u00eddios cearenses ap\u00f3s as a\u00e7\u00f5es desencadeadas pela nova Secret\u00e1ria de Administra\u00e7\u00e3o Penitenci\u00e1ria, que tem \u00e0 frente o secret\u00e1rio Lu\u00eds Mauro Albuquerque. A visita da comiss\u00e3o do Depen ao Cear\u00e1 atende a um pedido feito pelo governador Camillo Santana ao ministro da Justi\u00e7a, Sergio Moro.<br \/>\nDurante a visita, o secret\u00e1rio Lu\u00eds Mauro Albuquerque deve refor\u00e7ar o pedido para que seja mantida a presen\u00e7a dos 40 agentes da For\u00e7a Nacional de Interven\u00e7\u00e3o Penitenci\u00e1ria no Cear\u00e1 por mais 90 dias. Ele quer a perman\u00eancia desse grupo para refor\u00e7ar o treinamento dos agentes penitenci\u00e1rios, que atuam nas unidades prisionais cearenses.<\/p>\n","protected":false},"excerpt":{"rendered":"<p>O sistema penitenci\u00e1rio do Cear\u00e1 passa desta segunda-feira, dia 8 de abril, at\u00e9 quarta-feira, dia 10, por uma inspe\u00e7\u00e3o do Departamento Penitenci\u00e1rio Nacional (Depen), que \u00e9 ligado ao Minist\u00e9rio da Justi\u00e7a e Seguran\u00e7a P\u00fablica. O objetivo \u00e9 verificar as mudan\u00e7as j\u00e1 realizadas nos pres\u00eddios cearenses ap\u00f3s as a\u00e7\u00f5es desencadeadas pela nova Secret\u00e1ria de Administra\u00e7\u00e3o Penitenci\u00e1ria, que tem \u00e0 frente o secret\u00e1rio Lu\u00eds Mauro Albuquerque. A visita da comiss\u00e3o do Depen ao Cear\u00e1 atende a um pedido feito pelo governador&hellip;<\/p>\n","protected":false},"author":1,"featured_media":0,"comment_status":"open","ping_status":"open","sticky":false,"template":"","format":"standard","meta":{"footnotes":""},"categories":[1],"tags":[],"class_list":["post-12403","post","type-post","status-publish","format-standard","hentry","category-noticias"],"_links":{"self":[{"href":"https:\/\/blogdorogeriogomes.com.br\/noticias\/wp-json\/wp\/v2\/posts\/12403","targetHints":{"allow":["GET"]}}],"collection":[{"href":"https:\/\/blogdorogeriogomes.com.br\/noticias\/wp-json\/wp\/v2\/posts"}],"about":[{"href":"https:\/\/blogdorogeriogomes.com.br\/noticias\/wp-json\/wp\/v2\/types\/post"}],"author":[{"embeddable":true,"href":"https:\/\/blogdorogeriogomes.com.br\/noticias\/wp-json\/wp\/v2\/users\/1"}],"replies":[{"embeddable":true,"href":"https:\/\/blogdorogeriogomes.com.br\/noticias\/wp-json\/wp\/v2\/comments?post=12403"}],"version-history":[{"count":1,"href":"https:\/\/blogdorogeriogomes.com.br\/noticias\/wp-json\/wp\/v2\/posts\/12403\/revisions"}],"predecessor-version":[{"id":12405,"href":"https:\/\/blogdorogeriogomes.com.br\/noticias\/wp-json\/wp\/v2\/posts\/12403\/revisions\/12405"}],"wp:attachment":[{"href":"https:\/\/blogdorogeriogomes.com.br\/noticias\/wp-json\/wp\/v2\/media?parent=12403"}],"wp:term":[{"taxonomy":"category","embeddable":true,"href":"https:\/\/blogdorogeriogomes.com.br\/noticias\/wp-json\/wp\/v2\/categories?post=12403"},{"taxonomy":"post_tag","embeddable":true,"href":"https:\/\/blogdorogeriogomes.com.br\/noticias\/wp-json\/wp\/v2\/tags?post=12403"}],"curies":[{"name":"wp","href":"https:\/\/api.w.org\/{rel}","templated":true}]}}