{"id":12406,"date":"2019-04-08T19:34:45","date_gmt":"2019-04-08T19:34:45","guid":{"rendered":"http:\/\/blogdorogeriogomes.com.br\/?p=12406"},"modified":"2019-04-08T19:34:45","modified_gmt":"2019-04-08T19:34:45","slug":"velez-cai-do-ministerio-da-educacao-e-bolsonaro-nomeia-um-nome-ligado-ao-mercado-financeiro","status":"publish","type":"post","link":"https:\/\/blogdorogeriogomes.com.br\/noticias\/2019\/04\/velez-cai-do-ministerio-da-educacao-e-bolsonaro-nomeia-um-nome-ligado-ao-mercado-financeiro\/","title":{"rendered":"V\u00e9lez cai do Minist\u00e9rio da Educa\u00e7\u00e3o e Bolsonaro nomeia um nome ligado ao mercado financeiro"},"content":{"rendered":"<p><img loading=\"lazy\" decoding=\"async\" class=\"alignnone size-medium wp-image-12407\" src=\"http:\/\/blogdorogeriogomes.com.br\/wp-content\/uploads\/2019\/04\/IMG_20190408_163122_601-300x225.jpg\" alt=\"IMG_20190408_163122_601\" width=\"300\" height=\"225\" srcset=\"https:\/\/blogdorogeriogomes.com.br\/noticias\/wp-content\/uploads\/2019\/04\/IMG_20190408_163122_601-300x225.jpg 300w, https:\/\/blogdorogeriogomes.com.br\/noticias\/wp-content\/uploads\/2019\/04\/IMG_20190408_163122_601.jpg 450w\" sizes=\"auto, (max-width: 300px) 100vw, 300px\" \/><\/p>\n<p>O colombiano Ricardo V\u00e9lez n\u00e3o \u00e9 mais o ministro da Educa\u00e7\u00e3o. Depois de in\u00fameras trapalhadas e de v\u00e1rias demiss\u00f5es no segundo e terceiro escal\u00f5es do Minist\u00e9rio, o presidente Jair Bolsonaro decidiu mudar. No lugar de Ricardo V\u00e9lez Rodriguez, assume o economista Abraham Weintraub.<br \/>\nO novo ministro da Educa\u00e7\u00e3o foi um dos integrantes da equipe do governo de transi\u00e7\u00e3o comandada pelo atual ministro Onyx Lorenzoni. Ele e seu irm\u00e3o, o advogado Arthur Weintraub &#8211; que tamb\u00e9m integra o governo, como assessor-chefe adjunto da Assessoria Especial do Presidente da Rep\u00fablica -, participaram da formula\u00e7\u00e3o do programa de governo de Bolsonaro na \u00e1rea de Previd\u00eancia, na equipe do ministro da Economia, Paulo Guedes.<br \/>\nAbraham fez sua carreira no mercado financeiro, com mais de 20 anos de atua\u00e7\u00e3o no setor banc\u00e1rio, passando pela Quest Investimentos, Banco Votorantim e outras institui\u00e7\u00f5es.<br \/>\nBolsonaro contemplou uma indica\u00e7\u00e3o de Olavo de Carvalho, considerado o principal conselheiro do presidente. Pessoas pr\u00f3ximas ao guru ideol\u00f3gico do bolsonarismo afirmam que ele estipulou como condi\u00e7\u00e3o que Abraham Weintraub dever\u00e1 nomear como secret\u00e1rio-executivo Eduardo de Melo, que j\u00e1 foi secret\u00e1rio-adjunto do MEC e hoje est\u00e1 na TV Escola. O escritor tamb\u00e9m quer que Weintraub leve de volta \u00e0 c\u00fapula do MEC olavistas que foram exonerados do Minist\u00e9rio por Ricardo V\u00e9lez.<\/p>\n","protected":false},"excerpt":{"rendered":"<p>O colombiano Ricardo V\u00e9lez n\u00e3o \u00e9 mais o ministro da Educa\u00e7\u00e3o. Depois de in\u00fameras trapalhadas e de v\u00e1rias demiss\u00f5es no segundo e terceiro escal\u00f5es do Minist\u00e9rio, o presidente Jair Bolsonaro decidiu mudar. No lugar de Ricardo V\u00e9lez Rodriguez, assume o economista Abraham Weintraub. O novo ministro da Educa\u00e7\u00e3o foi um dos integrantes da equipe do governo de transi\u00e7\u00e3o comandada pelo atual ministro Onyx Lorenzoni. Ele e seu irm\u00e3o, o advogado Arthur Weintraub &#8211; que tamb\u00e9m integra o governo, como&hellip;<\/p>\n","protected":false},"author":1,"featured_media":0,"comment_status":"open","ping_status":"open","sticky":false,"template":"","format":"standard","meta":{"footnotes":""},"categories":[1],"tags":[],"class_list":["post-12406","post","type-post","status-publish","format-standard","hentry","category-noticias"],"_links":{"self":[{"href":"https:\/\/blogdorogeriogomes.com.br\/noticias\/wp-json\/wp\/v2\/posts\/12406","targetHints":{"allow":["GET"]}}],"collection":[{"href":"https:\/\/blogdorogeriogomes.com.br\/noticias\/wp-json\/wp\/v2\/posts"}],"about":[{"href":"https:\/\/blogdorogeriogomes.com.br\/noticias\/wp-json\/wp\/v2\/types\/post"}],"author":[{"embeddable":true,"href":"https:\/\/blogdorogeriogomes.com.br\/noticias\/wp-json\/wp\/v2\/users\/1"}],"replies":[{"embeddable":true,"href":"https:\/\/blogdorogeriogomes.com.br\/noticias\/wp-json\/wp\/v2\/comments?post=12406"}],"version-history":[{"count":1,"href":"https:\/\/blogdorogeriogomes.com.br\/noticias\/wp-json\/wp\/v2\/posts\/12406\/revisions"}],"predecessor-version":[{"id":12408,"href":"https:\/\/blogdorogeriogomes.com.br\/noticias\/wp-json\/wp\/v2\/posts\/12406\/revisions\/12408"}],"wp:attachment":[{"href":"https:\/\/blogdorogeriogomes.com.br\/noticias\/wp-json\/wp\/v2\/media?parent=12406"}],"wp:term":[{"taxonomy":"category","embeddable":true,"href":"https:\/\/blogdorogeriogomes.com.br\/noticias\/wp-json\/wp\/v2\/categories?post=12406"},{"taxonomy":"post_tag","embeddable":true,"href":"https:\/\/blogdorogeriogomes.com.br\/noticias\/wp-json\/wp\/v2\/tags?post=12406"}],"curies":[{"name":"wp","href":"https:\/\/api.w.org\/{rel}","templated":true}]}}