{"id":12410,"date":"2019-04-09T12:08:53","date_gmt":"2019-04-09T12:08:53","guid":{"rendered":"http:\/\/blogdorogeriogomes.com.br\/?p=12410"},"modified":"2019-04-09T12:08:53","modified_gmt":"2019-04-09T12:08:53","slug":"dnit-inicia-retirada-de-radares-e-lombadas-das-brs-cearenses","status":"publish","type":"post","link":"https:\/\/blogdorogeriogomes.com.br\/noticias\/2019\/04\/dnit-inicia-retirada-de-radares-e-lombadas-das-brs-cearenses\/","title":{"rendered":"DNIT inicia retirada de radares e lombadas das BRs cearenses"},"content":{"rendered":"<p><img loading=\"lazy\" decoding=\"async\" class=\"alignnone size-medium wp-image-12411\" src=\"http:\/\/blogdorogeriogomes.com.br\/wp-content\/uploads\/2019\/04\/IMG_20190409_090529_454-300x200.jpg\" alt=\"IMG_20190409_090529_454\" width=\"300\" height=\"200\" srcset=\"https:\/\/blogdorogeriogomes.com.br\/noticias\/wp-content\/uploads\/2019\/04\/IMG_20190409_090529_454-300x200.jpg 300w, https:\/\/blogdorogeriogomes.com.br\/noticias\/wp-content\/uploads\/2019\/04\/IMG_20190409_090529_454.jpg 700w\" sizes=\"auto, (max-width: 300px) 100vw, 300px\" \/><\/p>\n<p>Por determina\u00e7\u00e3o do Governo Federal, todas as lombadas eletr\u00f4nicas e os radares fixos instalados nas rodovias federais (BRs) que cortam o Cear\u00e1 est\u00e3o sendo removidos. A determina\u00e7\u00e3o foi repassada pelo Departamento Nacional de Infraestrutura e Transportes (Dnit) e ser\u00e1 por tempo indeterminado. Isto porque, o Governo Federal vai ainda reavaliar a substitui\u00e7\u00e3o dos equipamentos. As empresas que prestam o servi\u00e7o de fiscaliza\u00e7\u00e3o eletr\u00f4nica terminaram os contratos com a Uni\u00e3o em dezembro do ano passado.<br \/>\nSem os radares, a preocupa\u00e7\u00e3o \u00e9 com o aumento da velocidade dos motoristas nos trechos urbanos das BRs, onde h\u00e1 uma maior circula\u00e7\u00e3o de pedestres. Tanto radares, como lombadas servem para coibir excesso de velocidade. No primeiro semestre de 2018, 218.786 multas foram aplicadas nas BRs no Cear\u00e1. Destas, 160.220 foram registradas pelos radares fixos do Dnit.<\/p>\n","protected":false},"excerpt":{"rendered":"<p>Por determina\u00e7\u00e3o do Governo Federal, todas as lombadas eletr\u00f4nicas e os radares fixos instalados nas rodovias federais (BRs) que cortam o Cear\u00e1 est\u00e3o sendo removidos. A determina\u00e7\u00e3o foi repassada pelo Departamento Nacional de Infraestrutura e Transportes (Dnit) e ser\u00e1 por tempo indeterminado. Isto porque, o Governo Federal vai ainda reavaliar a substitui\u00e7\u00e3o dos equipamentos. As empresas que prestam o servi\u00e7o de fiscaliza\u00e7\u00e3o eletr\u00f4nica terminaram os contratos com a Uni\u00e3o em dezembro do ano passado. Sem os radares, a preocupa\u00e7\u00e3o&hellip;<\/p>\n","protected":false},"author":1,"featured_media":0,"comment_status":"open","ping_status":"open","sticky":false,"template":"","format":"standard","meta":{"footnotes":""},"categories":[1],"tags":[],"class_list":["post-12410","post","type-post","status-publish","format-standard","hentry","category-noticias"],"_links":{"self":[{"href":"https:\/\/blogdorogeriogomes.com.br\/noticias\/wp-json\/wp\/v2\/posts\/12410","targetHints":{"allow":["GET"]}}],"collection":[{"href":"https:\/\/blogdorogeriogomes.com.br\/noticias\/wp-json\/wp\/v2\/posts"}],"about":[{"href":"https:\/\/blogdorogeriogomes.com.br\/noticias\/wp-json\/wp\/v2\/types\/post"}],"author":[{"embeddable":true,"href":"https:\/\/blogdorogeriogomes.com.br\/noticias\/wp-json\/wp\/v2\/users\/1"}],"replies":[{"embeddable":true,"href":"https:\/\/blogdorogeriogomes.com.br\/noticias\/wp-json\/wp\/v2\/comments?post=12410"}],"version-history":[{"count":1,"href":"https:\/\/blogdorogeriogomes.com.br\/noticias\/wp-json\/wp\/v2\/posts\/12410\/revisions"}],"predecessor-version":[{"id":12412,"href":"https:\/\/blogdorogeriogomes.com.br\/noticias\/wp-json\/wp\/v2\/posts\/12410\/revisions\/12412"}],"wp:attachment":[{"href":"https:\/\/blogdorogeriogomes.com.br\/noticias\/wp-json\/wp\/v2\/media?parent=12410"}],"wp:term":[{"taxonomy":"category","embeddable":true,"href":"https:\/\/blogdorogeriogomes.com.br\/noticias\/wp-json\/wp\/v2\/categories?post=12410"},{"taxonomy":"post_tag","embeddable":true,"href":"https:\/\/blogdorogeriogomes.com.br\/noticias\/wp-json\/wp\/v2\/tags?post=12410"}],"curies":[{"name":"wp","href":"https:\/\/api.w.org\/{rel}","templated":true}]}}