{"id":12416,"date":"2019-04-09T12:41:14","date_gmt":"2019-04-09T12:41:14","guid":{"rendered":"http:\/\/blogdorogeriogomes.com.br\/?p=12416"},"modified":"2019-04-09T12:41:14","modified_gmt":"2019-04-09T12:41:14","slug":"advogados-cearenses-temem-extincao-de-obrigatoriedade-de-realizacao-do-exame-da-oab","status":"publish","type":"post","link":"https:\/\/blogdorogeriogomes.com.br\/noticias\/2019\/04\/advogados-cearenses-temem-extincao-de-obrigatoriedade-de-realizacao-do-exame-da-oab\/","title":{"rendered":"Advogados cearenses temem extin\u00e7\u00e3o de obrigatoriedade de realiza\u00e7\u00e3o do Exame da OAB"},"content":{"rendered":"<p><img loading=\"lazy\" decoding=\"async\" class=\"alignnone size-medium wp-image-12417\" src=\"http:\/\/blogdorogeriogomes.com.br\/wp-content\/uploads\/2019\/04\/image-11-300x169.jpg\" alt=\"image (11)\" width=\"300\" height=\"169\" srcset=\"https:\/\/blogdorogeriogomes.com.br\/noticias\/wp-content\/uploads\/2019\/04\/image-11-300x169.jpg 300w, https:\/\/blogdorogeriogomes.com.br\/noticias\/wp-content\/uploads\/2019\/04\/image-11.jpg 400w\" sizes=\"auto, (max-width: 300px) 100vw, 300px\" \/><\/p>\n<p>Advogados cearenses est\u00e3o preocupados com a tramita\u00e7\u00e3o de um projeto de lei no Congresso Nacional, que extingue o Exame de Ordem como exig\u00eancia para inscri\u00e7\u00e3o na Ordem dos Advogados do Brasil (OAB), de autoria do deputado federal Jos\u00e9 Medeiros (Podemos-MT).<br \/>\nO objetivo da proposta, desarquivada na atual legislatura, \u00e9 equiparar a profiss\u00e3o de advogado a outras atividades profissionais que n\u00e3o t\u00eam a necessidade de submiss\u00e3o a uma avalia\u00e7\u00e3o, o que tem feito a categoria dialogar com parlamentares em busca de apoio a pautas.<br \/>\nNo Cear\u00e1, a OAB est\u00e1 preocupada com a quantidade de projetos tramitando no Legislativo que podem afetar a entidade. Em reuni\u00e3o realizada na segunda-feira, dia 8 de abril, metade da bancada cearense na C\u00e2mara se comprometeu em atuar em defesa da Ordem, visto, segundo deputados, a relev\u00e2ncia da OAB para a sociedade brasileira.<br \/>\nO projeto original que extingue o Exame de Ordem \u00e9 de autoria do ent\u00e3o deputado federal Jair Bolsonaro, hoje presidente da Rep\u00fablica. Ele, inclusive, j\u00e1 eleito presidente, se manifestou contra o Exame aplicado aos rec\u00e9m-formados.<\/p>\n","protected":false},"excerpt":{"rendered":"<p>Advogados cearenses est\u00e3o preocupados com a tramita\u00e7\u00e3o de um projeto de lei no Congresso Nacional, que extingue o Exame de Ordem como exig\u00eancia para inscri\u00e7\u00e3o na Ordem dos Advogados do Brasil (OAB), de autoria do deputado federal Jos\u00e9 Medeiros (Podemos-MT). O objetivo da proposta, desarquivada na atual legislatura, \u00e9 equiparar a profiss\u00e3o de advogado a outras atividades profissionais que n\u00e3o t\u00eam a necessidade de submiss\u00e3o a uma avalia\u00e7\u00e3o, o que tem feito a categoria dialogar com parlamentares em busca&hellip;<\/p>\n","protected":false},"author":1,"featured_media":0,"comment_status":"open","ping_status":"open","sticky":false,"template":"","format":"standard","meta":{"footnotes":""},"categories":[1],"tags":[],"class_list":["post-12416","post","type-post","status-publish","format-standard","hentry","category-noticias"],"_links":{"self":[{"href":"https:\/\/blogdorogeriogomes.com.br\/noticias\/wp-json\/wp\/v2\/posts\/12416","targetHints":{"allow":["GET"]}}],"collection":[{"href":"https:\/\/blogdorogeriogomes.com.br\/noticias\/wp-json\/wp\/v2\/posts"}],"about":[{"href":"https:\/\/blogdorogeriogomes.com.br\/noticias\/wp-json\/wp\/v2\/types\/post"}],"author":[{"embeddable":true,"href":"https:\/\/blogdorogeriogomes.com.br\/noticias\/wp-json\/wp\/v2\/users\/1"}],"replies":[{"embeddable":true,"href":"https:\/\/blogdorogeriogomes.com.br\/noticias\/wp-json\/wp\/v2\/comments?post=12416"}],"version-history":[{"count":1,"href":"https:\/\/blogdorogeriogomes.com.br\/noticias\/wp-json\/wp\/v2\/posts\/12416\/revisions"}],"predecessor-version":[{"id":12418,"href":"https:\/\/blogdorogeriogomes.com.br\/noticias\/wp-json\/wp\/v2\/posts\/12416\/revisions\/12418"}],"wp:attachment":[{"href":"https:\/\/blogdorogeriogomes.com.br\/noticias\/wp-json\/wp\/v2\/media?parent=12416"}],"wp:term":[{"taxonomy":"category","embeddable":true,"href":"https:\/\/blogdorogeriogomes.com.br\/noticias\/wp-json\/wp\/v2\/categories?post=12416"},{"taxonomy":"post_tag","embeddable":true,"href":"https:\/\/blogdorogeriogomes.com.br\/noticias\/wp-json\/wp\/v2\/tags?post=12416"}],"curies":[{"name":"wp","href":"https:\/\/api.w.org\/{rel}","templated":true}]}}