{"id":12419,"date":"2019-04-09T19:38:31","date_gmt":"2019-04-09T19:38:31","guid":{"rendered":"http:\/\/blogdorogeriogomes.com.br\/?p=12419"},"modified":"2019-04-09T19:38:31","modified_gmt":"2019-04-09T19:38:31","slug":"campanha-nacional-de-vacinacao-comeca-nesta-quarta-feira-em-todo-o-pais","status":"publish","type":"post","link":"https:\/\/blogdorogeriogomes.com.br\/noticias\/2019\/04\/campanha-nacional-de-vacinacao-comeca-nesta-quarta-feira-em-todo-o-pais\/","title":{"rendered":"Campanha Nacional de Vacina\u00e7\u00e3o come\u00e7a nesta quarta-feira em todo o Pa\u00eds"},"content":{"rendered":"<p><img loading=\"lazy\" decoding=\"async\" class=\"alignnone size-medium wp-image-12420\" src=\"http:\/\/blogdorogeriogomes.com.br\/wp-content\/uploads\/2019\/04\/IMG_20190409_163033_559-300x194.jpg\" alt=\"IMG_20190409_163033_559\" width=\"300\" height=\"194\" srcset=\"https:\/\/blogdorogeriogomes.com.br\/noticias\/wp-content\/uploads\/2019\/04\/IMG_20190409_163033_559-300x194.jpg 300w, https:\/\/blogdorogeriogomes.com.br\/noticias\/wp-content\/uploads\/2019\/04\/IMG_20190409_163033_559.jpg 638w\" sizes=\"auto, (max-width: 300px) 100vw, 300px\" \/><\/p>\n<p>Postos de sa\u00fade de todo o Pa\u00eds recebem a Campanha Nacional de Vacina\u00e7\u00e3o contra a Gripe, a partir desta quarta-feira, dia 10 de abril. Em uma primeira fase, crian\u00e7as de seis meses at\u00e9 menores de 6 anos (5 anos, 11 meses e 29 dias) e gestantes poder\u00e3o se vacinar. Para o restante do p\u00fablico-alvo, a vacina\u00e7\u00e3o come\u00e7a no dia 22 de abril. S\u00e3o idosos com 60 anos ou mais, mulheres com at\u00e9 45 dias p\u00f3s-parto, doentes cr\u00f4nicos, trabalhadores da sa\u00fade, popula\u00e7\u00e3o ind\u00edgena, adolescentes e jovens sob medidas socioeducativas, popula\u00e7\u00e3o carcer\u00e1ria e funcion\u00e1rios do sistema prisional e professores de escolas p\u00fablicas e particulares.<br \/>\nA campanha ser\u00e1 at\u00e9 31 de maio. A vacina\u00e7\u00e3o estar\u00e1 dispon\u00edvel em todos os postos do Cear\u00e1, segundo a Secretaria da Sa\u00fade do Estado (Sesa). Em Fortaleza, haver\u00e1 vacina\u00e7\u00e3o nos 113 postos de sa\u00fade, de segunda a sexta-feira, entre 7h30min e 18h30min. Aos s\u00e1bados e domingos a campanha ocorre das 8h30min \u00e0s 16h30min, conforme a Secretaria Municipal da Sa\u00fade (SMS).<\/p>\n","protected":false},"excerpt":{"rendered":"<p>Postos de sa\u00fade de todo o Pa\u00eds recebem a Campanha Nacional de Vacina\u00e7\u00e3o contra a Gripe, a partir desta quarta-feira, dia 10 de abril. Em uma primeira fase, crian\u00e7as de seis meses at\u00e9 menores de 6 anos (5 anos, 11 meses e 29 dias) e gestantes poder\u00e3o se vacinar. Para o restante do p\u00fablico-alvo, a vacina\u00e7\u00e3o come\u00e7a no dia 22 de abril. S\u00e3o idosos com 60 anos ou mais, mulheres com at\u00e9 45 dias p\u00f3s-parto, doentes cr\u00f4nicos, trabalhadores da&hellip;<\/p>\n","protected":false},"author":1,"featured_media":0,"comment_status":"open","ping_status":"open","sticky":false,"template":"","format":"standard","meta":{"footnotes":""},"categories":[1],"tags":[],"class_list":["post-12419","post","type-post","status-publish","format-standard","hentry","category-noticias"],"_links":{"self":[{"href":"https:\/\/blogdorogeriogomes.com.br\/noticias\/wp-json\/wp\/v2\/posts\/12419","targetHints":{"allow":["GET"]}}],"collection":[{"href":"https:\/\/blogdorogeriogomes.com.br\/noticias\/wp-json\/wp\/v2\/posts"}],"about":[{"href":"https:\/\/blogdorogeriogomes.com.br\/noticias\/wp-json\/wp\/v2\/types\/post"}],"author":[{"embeddable":true,"href":"https:\/\/blogdorogeriogomes.com.br\/noticias\/wp-json\/wp\/v2\/users\/1"}],"replies":[{"embeddable":true,"href":"https:\/\/blogdorogeriogomes.com.br\/noticias\/wp-json\/wp\/v2\/comments?post=12419"}],"version-history":[{"count":1,"href":"https:\/\/blogdorogeriogomes.com.br\/noticias\/wp-json\/wp\/v2\/posts\/12419\/revisions"}],"predecessor-version":[{"id":12421,"href":"https:\/\/blogdorogeriogomes.com.br\/noticias\/wp-json\/wp\/v2\/posts\/12419\/revisions\/12421"}],"wp:attachment":[{"href":"https:\/\/blogdorogeriogomes.com.br\/noticias\/wp-json\/wp\/v2\/media?parent=12419"}],"wp:term":[{"taxonomy":"category","embeddable":true,"href":"https:\/\/blogdorogeriogomes.com.br\/noticias\/wp-json\/wp\/v2\/categories?post=12419"},{"taxonomy":"post_tag","embeddable":true,"href":"https:\/\/blogdorogeriogomes.com.br\/noticias\/wp-json\/wp\/v2\/tags?post=12419"}],"curies":[{"name":"wp","href":"https:\/\/api.w.org\/{rel}","templated":true}]}}