{"id":12422,"date":"2019-04-10T11:34:13","date_gmt":"2019-04-10T11:34:13","guid":{"rendered":"http:\/\/blogdorogeriogomes.com.br\/?p=12422"},"modified":"2019-04-10T11:34:13","modified_gmt":"2019-04-10T11:34:13","slug":"programacao-cultural-marcara-as-comemoracoes-dos-293-anos-de-fortaleza","status":"publish","type":"post","link":"https:\/\/blogdorogeriogomes.com.br\/noticias\/2019\/04\/programacao-cultural-marcara-as-comemoracoes-dos-293-anos-de-fortaleza\/","title":{"rendered":"Programa\u00e7\u00e3o cultural marcar\u00e1 as comemora\u00e7\u00f5es dos 293 anos de Fortaleza"},"content":{"rendered":"<p><img loading=\"lazy\" decoding=\"async\" class=\"alignnone size-medium wp-image-12423\" src=\"http:\/\/blogdorogeriogomes.com.br\/wp-content\/uploads\/2019\/04\/IMG_20190410_082926_259-300x180.jpg\" alt=\"IMG_20190410_082926_259\" width=\"300\" height=\"180\" srcset=\"https:\/\/blogdorogeriogomes.com.br\/noticias\/wp-content\/uploads\/2019\/04\/IMG_20190410_082926_259-300x180.jpg 300w, https:\/\/blogdorogeriogomes.com.br\/noticias\/wp-content\/uploads\/2019\/04\/IMG_20190410_082926_259.jpg 693w\" sizes=\"auto, (max-width: 300px) 100vw, 300px\" \/><\/p>\n<p>Os 293 anos de Fortaleza ser\u00e3o comemorados em grande estilo e com uma extensa programa\u00e7\u00e3o cultural neste s\u00e1bado, dia 13 de abril. O principal ponto de concentra\u00e7\u00e3o dever\u00e1 ser no Aterrinho da Praia de Iracema com shows de Ednardo e Zeca Baleiro. Antes, haver\u00e1 apresenta\u00e7\u00e3o do projeto Para Cantar Fortaleza, com as cantoras cearenses Nayra Costa, Lorena Lyse, Mar\u00edlia Lima, Carol Damasceno e Roberta Fi\u00faza.<br \/>\nA programa\u00e7\u00e3o come\u00e7a no s\u00e1bado, dia 13 de abril, mas se estende at\u00e9 o domingo, dia 14. H\u00e1 atra\u00e7\u00f5es que se apresentam no Passeio P\u00fablico, no Teatro S\u00e3o Jos\u00e9, nas bibliotecas municipais e nos mercados dos Pinh\u00f5es e da Aerol\u00e2ndia. Os eventos s\u00e3o gratuitos e abertos ao p\u00fablico.<br \/>\nNo s\u00e1bado, ainda haver\u00e1 a entrega da Medalha Iracema para personalidades que prestaram relevantes servi\u00e7os \u00e0 Capital, no Teatro S\u00e3o Jos\u00e9. Recebem a homenagem este ano: o empres\u00e1rio Pio Rodrigues, o ex-senador Mauro Benevides e o m\u00e9dico e professor universit\u00e1rio Jos\u00e9 Otho Leal Nogueira.<\/p>\n","protected":false},"excerpt":{"rendered":"<p>Os 293 anos de Fortaleza ser\u00e3o comemorados em grande estilo e com uma extensa programa\u00e7\u00e3o cultural neste s\u00e1bado, dia 13 de abril. O principal ponto de concentra\u00e7\u00e3o dever\u00e1 ser no Aterrinho da Praia de Iracema com shows de Ednardo e Zeca Baleiro. Antes, haver\u00e1 apresenta\u00e7\u00e3o do projeto Para Cantar Fortaleza, com as cantoras cearenses Nayra Costa, Lorena Lyse, Mar\u00edlia Lima, Carol Damasceno e Roberta Fi\u00faza. A programa\u00e7\u00e3o come\u00e7a no s\u00e1bado, dia 13 de abril, mas se estende at\u00e9 o&hellip;<\/p>\n","protected":false},"author":1,"featured_media":0,"comment_status":"open","ping_status":"open","sticky":false,"template":"","format":"standard","meta":{"footnotes":""},"categories":[1],"tags":[],"class_list":["post-12422","post","type-post","status-publish","format-standard","hentry","category-noticias"],"_links":{"self":[{"href":"https:\/\/blogdorogeriogomes.com.br\/noticias\/wp-json\/wp\/v2\/posts\/12422","targetHints":{"allow":["GET"]}}],"collection":[{"href":"https:\/\/blogdorogeriogomes.com.br\/noticias\/wp-json\/wp\/v2\/posts"}],"about":[{"href":"https:\/\/blogdorogeriogomes.com.br\/noticias\/wp-json\/wp\/v2\/types\/post"}],"author":[{"embeddable":true,"href":"https:\/\/blogdorogeriogomes.com.br\/noticias\/wp-json\/wp\/v2\/users\/1"}],"replies":[{"embeddable":true,"href":"https:\/\/blogdorogeriogomes.com.br\/noticias\/wp-json\/wp\/v2\/comments?post=12422"}],"version-history":[{"count":1,"href":"https:\/\/blogdorogeriogomes.com.br\/noticias\/wp-json\/wp\/v2\/posts\/12422\/revisions"}],"predecessor-version":[{"id":12424,"href":"https:\/\/blogdorogeriogomes.com.br\/noticias\/wp-json\/wp\/v2\/posts\/12422\/revisions\/12424"}],"wp:attachment":[{"href":"https:\/\/blogdorogeriogomes.com.br\/noticias\/wp-json\/wp\/v2\/media?parent=12422"}],"wp:term":[{"taxonomy":"category","embeddable":true,"href":"https:\/\/blogdorogeriogomes.com.br\/noticias\/wp-json\/wp\/v2\/categories?post=12422"},{"taxonomy":"post_tag","embeddable":true,"href":"https:\/\/blogdorogeriogomes.com.br\/noticias\/wp-json\/wp\/v2\/tags?post=12422"}],"curies":[{"name":"wp","href":"https:\/\/api.w.org\/{rel}","templated":true}]}}