{"id":12425,"date":"2019-04-10T11:46:44","date_gmt":"2019-04-10T11:46:44","guid":{"rendered":"http:\/\/blogdorogeriogomes.com.br\/?p=12425"},"modified":"2019-04-10T11:46:44","modified_gmt":"2019-04-10T11:46:44","slug":"governo-acena-a-prefeitos-que-pode-aumentar-recursos-do-fpm-em-troca-de-apoio-para-reforma-da-previdencia","status":"publish","type":"post","link":"https:\/\/blogdorogeriogomes.com.br\/noticias\/2019\/04\/governo-acena-a-prefeitos-que-pode-aumentar-recursos-do-fpm-em-troca-de-apoio-para-reforma-da-previdencia\/","title":{"rendered":"Governo acena a prefeitos que pode aumentar recursos do FPM em troca de apoio para Reforma da Previd\u00eancia"},"content":{"rendered":"<p><img loading=\"lazy\" decoding=\"async\" class=\"alignnone size-medium wp-image-12426\" src=\"http:\/\/blogdorogeriogomes.com.br\/wp-content\/uploads\/2019\/04\/IMG_20190410_084340_978-300x176.jpg\" alt=\"IMG_20190410_084340_978\" width=\"300\" height=\"176\" srcset=\"https:\/\/blogdorogeriogomes.com.br\/noticias\/wp-content\/uploads\/2019\/04\/IMG_20190410_084340_978-300x176.jpg 300w, https:\/\/blogdorogeriogomes.com.br\/noticias\/wp-content\/uploads\/2019\/04\/IMG_20190410_084340_978.jpg 384w\" sizes=\"auto, (max-width: 300px) 100vw, 300px\" \/><\/p>\n<p>Prefeitos de todo o Pa\u00eds que participaram da XXII Marcha a Bras\u00edlia em Defesa dos Munic\u00edpios, nesta ter\u00e7a-feira, dia 9 de abril, ouviram o que desejavam do presidente Jair Bolsonaro. Ele prometeu aos presentes a constru\u00e7\u00e3o de um novo pacto federativo e o aumento dos recursos para o Fundo de Participa\u00e7\u00e3o dos Munic\u00edpios (FPM).<br \/>\nClaro, que nada sai de gra\u00e7a. Em troca, Bolsonaro quer o apoio dos gestores municipais garantir votos para sua proposta de reforma da Previd\u00eancia.<br \/>\nO Governo Federal vai apresentar, em 20 dias, dois projetos de lei que prometem ajudar estados e munic\u00edpios em dificuldade. A Uni\u00e3o vai propor a divis\u00e3o dos recursos do Fundo Social, irrigado por verbas de royalties e participa\u00e7\u00f5es especiais recolhidas na explora\u00e7\u00e3o de petr\u00f3leo. Os recursos do fundo hoje v\u00e3o para a Uni\u00e3o, mas o ministro Paulo Guedes (Economia) j\u00e1 disse que vai entregar 70% para estados e munic\u00edpios.<\/p>\n","protected":false},"excerpt":{"rendered":"<p>Prefeitos de todo o Pa\u00eds que participaram da XXII Marcha a Bras\u00edlia em Defesa dos Munic\u00edpios, nesta ter\u00e7a-feira, dia 9 de abril, ouviram o que desejavam do presidente Jair Bolsonaro. Ele prometeu aos presentes a constru\u00e7\u00e3o de um novo pacto federativo e o aumento dos recursos para o Fundo de Participa\u00e7\u00e3o dos Munic\u00edpios (FPM). Claro, que nada sai de gra\u00e7a. Em troca, Bolsonaro quer o apoio dos gestores municipais garantir votos para sua proposta de reforma da Previd\u00eancia. O&hellip;<\/p>\n","protected":false},"author":1,"featured_media":0,"comment_status":"open","ping_status":"open","sticky":false,"template":"","format":"standard","meta":{"footnotes":""},"categories":[1],"tags":[],"class_list":["post-12425","post","type-post","status-publish","format-standard","hentry","category-noticias"],"_links":{"self":[{"href":"https:\/\/blogdorogeriogomes.com.br\/noticias\/wp-json\/wp\/v2\/posts\/12425","targetHints":{"allow":["GET"]}}],"collection":[{"href":"https:\/\/blogdorogeriogomes.com.br\/noticias\/wp-json\/wp\/v2\/posts"}],"about":[{"href":"https:\/\/blogdorogeriogomes.com.br\/noticias\/wp-json\/wp\/v2\/types\/post"}],"author":[{"embeddable":true,"href":"https:\/\/blogdorogeriogomes.com.br\/noticias\/wp-json\/wp\/v2\/users\/1"}],"replies":[{"embeddable":true,"href":"https:\/\/blogdorogeriogomes.com.br\/noticias\/wp-json\/wp\/v2\/comments?post=12425"}],"version-history":[{"count":1,"href":"https:\/\/blogdorogeriogomes.com.br\/noticias\/wp-json\/wp\/v2\/posts\/12425\/revisions"}],"predecessor-version":[{"id":12427,"href":"https:\/\/blogdorogeriogomes.com.br\/noticias\/wp-json\/wp\/v2\/posts\/12425\/revisions\/12427"}],"wp:attachment":[{"href":"https:\/\/blogdorogeriogomes.com.br\/noticias\/wp-json\/wp\/v2\/media?parent=12425"}],"wp:term":[{"taxonomy":"category","embeddable":true,"href":"https:\/\/blogdorogeriogomes.com.br\/noticias\/wp-json\/wp\/v2\/categories?post=12425"},{"taxonomy":"post_tag","embeddable":true,"href":"https:\/\/blogdorogeriogomes.com.br\/noticias\/wp-json\/wp\/v2\/tags?post=12425"}],"curies":[{"name":"wp","href":"https:\/\/api.w.org\/{rel}","templated":true}]}}