{"id":12428,"date":"2019-04-10T12:34:22","date_gmt":"2019-04-10T12:34:22","guid":{"rendered":"http:\/\/blogdorogeriogomes.com.br\/?p=12428"},"modified":"2019-04-10T12:34:22","modified_gmt":"2019-04-10T12:34:22","slug":"os-100-primeiros-dias-do-governo-jair-bolsonaro","status":"publish","type":"post","link":"https:\/\/blogdorogeriogomes.com.br\/noticias\/2019\/04\/os-100-primeiros-dias-do-governo-jair-bolsonaro\/","title":{"rendered":"Os 100 primeiros dias do Governo Jair Bolsonaro"},"content":{"rendered":"<p><img loading=\"lazy\" decoding=\"async\" class=\"alignnone size-medium wp-image-12429\" src=\"http:\/\/blogdorogeriogomes.com.br\/wp-content\/uploads\/2019\/04\/IMG_20190410_093110_588-300x185.jpg\" alt=\"IMG_20190410_093110_588\" width=\"300\" height=\"185\" srcset=\"https:\/\/blogdorogeriogomes.com.br\/noticias\/wp-content\/uploads\/2019\/04\/IMG_20190410_093110_588-300x185.jpg 300w, https:\/\/blogdorogeriogomes.com.br\/noticias\/wp-content\/uploads\/2019\/04\/IMG_20190410_093110_588.jpg 604w\" sizes=\"auto, (max-width: 300px) 100vw, 300px\" \/><\/p>\n<p>O governo do presidente Jair Bolsonaro completou 100 dias nesta quarta-feira, dia 10 de abril. Em meio a muitos desafios, principalmente, no quesito recupera\u00e7\u00e3o econ\u00f4mica, a gest\u00e3o se perde pelo pouco di\u00e1logo, pol\u00eamicas e brigas in\u00fateis pelas redes sociais.<br \/>\nMas o maior problema n\u00e3o est\u00e1 a\u00ed. Ap\u00f3s montar um Minist\u00e9rio com muitas figuras, at\u00e9 folcl\u00f3ricas, mas com pouca efetividade, Bolsonaro enfrenta uma p\u00e9ssima rela\u00e7\u00e3o com o Congresso Nacional. E \u00e9 no Legislativo que ele precisa construir uma base para aprovar as reformas que deseja. A meta no in\u00edcio do Governo era formar uma base com cerca de 350 deputados. Hoje, Bolsonaro n\u00e3o tem a seguran\u00e7a de contar nem com os 54 votos do PSL (o seu partido) na C\u00e2mara Federal.<\/p>\n<p>E, por enquanto, a economia patina. As previs\u00f5es do mercado para o PIB caem h\u00e1 seis semanas consecutivas. O crescimento de 2019 \u00e9 estimado na faixa de 1%, o que repete cen\u00e1rios dos dois \u00faltimos anos.<\/p>\n<p>O mais grave \u00e9 que falta clareza ao que Bolsonaro projeta para o Pa\u00eds. O ministro da Economia, Paulo Guedes, tenta enfiar uma Reforma da Previd\u00eancia que desagrada a maioria da popula\u00e7\u00e3o. Consequentemente, senadores e deputados n\u00e3o querem aprovar o texto que a\u00ed est\u00e1. O ministro da Justi\u00e7a, S\u00e9rgio Moro, tem um pacote anticrime que, simplesmente, n\u00e3o anda na C\u00e2mara por total falta de habilidade pol\u00edtica dele e do pr\u00f3prio presidente. Fora as a\u00e7\u00f5es desastrosas em outros minist\u00e9rios como Educa\u00e7\u00e3o, totalmente paralisado, e Rela\u00e7\u00f5es Exteriores, causando conflitos gratuitos com pa\u00edses que importam do Brasil.<br \/>\nE por fim, vale ressaltar, a rela\u00e7\u00e3o conflituosa de Bolsonaro com a imprensa, desde a campanha eleitoral. O presidente mant\u00e9m a mesma postura de candidato, mas esquece que j\u00e1 ocupa a cadeira de Presidente da Rep\u00fablica h\u00e1 mais de tr\u00eas meses. Deve estar sujeito a cr\u00edticas e questionamentos sobre os seus projetos ou a falta deles. Precisa criar postura de Presidente. Imprensa n\u00e3o \u00e9 inimiga. Se h\u00e1 crise no Governo, os fatos estar\u00e3o no notici\u00e1rio. Se h\u00e1 projetos apresentados, eles certamente ocupar\u00e3o as manchetes para serem debatidos pela sociedade. Mas enquanto os fatos criados pelo Planalto sejam, por exemplo, a comemora\u00e7\u00e3o de um golpe militar, que torturou e matou milhares de pessoas, a\u00ed n\u00e3o se pode pensar em perspectiva de mudan\u00e7a do que a\u00ed est\u00e1, n\u00e3o \u00e9 verdade?<\/p>\n","protected":false},"excerpt":{"rendered":"<p>O governo do presidente Jair Bolsonaro completou 100 dias nesta quarta-feira, dia 10 de abril. Em meio a muitos desafios, principalmente, no quesito recupera\u00e7\u00e3o econ\u00f4mica, a gest\u00e3o se perde pelo pouco di\u00e1logo, pol\u00eamicas e brigas in\u00fateis pelas redes sociais. Mas o maior problema n\u00e3o est\u00e1 a\u00ed. Ap\u00f3s montar um Minist\u00e9rio com muitas figuras, at\u00e9 folcl\u00f3ricas, mas com pouca efetividade, Bolsonaro enfrenta uma p\u00e9ssima rela\u00e7\u00e3o com o Congresso Nacional. E \u00e9 no Legislativo que ele precisa construir uma base para&hellip;<\/p>\n","protected":false},"author":1,"featured_media":0,"comment_status":"open","ping_status":"open","sticky":false,"template":"","format":"standard","meta":{"footnotes":""},"categories":[1],"tags":[],"class_list":["post-12428","post","type-post","status-publish","format-standard","hentry","category-noticias"],"_links":{"self":[{"href":"https:\/\/blogdorogeriogomes.com.br\/noticias\/wp-json\/wp\/v2\/posts\/12428","targetHints":{"allow":["GET"]}}],"collection":[{"href":"https:\/\/blogdorogeriogomes.com.br\/noticias\/wp-json\/wp\/v2\/posts"}],"about":[{"href":"https:\/\/blogdorogeriogomes.com.br\/noticias\/wp-json\/wp\/v2\/types\/post"}],"author":[{"embeddable":true,"href":"https:\/\/blogdorogeriogomes.com.br\/noticias\/wp-json\/wp\/v2\/users\/1"}],"replies":[{"embeddable":true,"href":"https:\/\/blogdorogeriogomes.com.br\/noticias\/wp-json\/wp\/v2\/comments?post=12428"}],"version-history":[{"count":1,"href":"https:\/\/blogdorogeriogomes.com.br\/noticias\/wp-json\/wp\/v2\/posts\/12428\/revisions"}],"predecessor-version":[{"id":12430,"href":"https:\/\/blogdorogeriogomes.com.br\/noticias\/wp-json\/wp\/v2\/posts\/12428\/revisions\/12430"}],"wp:attachment":[{"href":"https:\/\/blogdorogeriogomes.com.br\/noticias\/wp-json\/wp\/v2\/media?parent=12428"}],"wp:term":[{"taxonomy":"category","embeddable":true,"href":"https:\/\/blogdorogeriogomes.com.br\/noticias\/wp-json\/wp\/v2\/categories?post=12428"},{"taxonomy":"post_tag","embeddable":true,"href":"https:\/\/blogdorogeriogomes.com.br\/noticias\/wp-json\/wp\/v2\/tags?post=12428"}],"curies":[{"name":"wp","href":"https:\/\/api.w.org\/{rel}","templated":true}]}}