{"id":12431,"date":"2019-04-10T17:26:56","date_gmt":"2019-04-10T17:26:56","guid":{"rendered":"http:\/\/blogdorogeriogomes.com.br\/?p=12431"},"modified":"2019-04-10T17:26:56","modified_gmt":"2019-04-10T17:26:56","slug":"obras-de-ampliacao-do-aeroporto-de-fortaleza-ja-alcancam-60-diz-fraport","status":"publish","type":"post","link":"https:\/\/blogdorogeriogomes.com.br\/noticias\/2019\/04\/obras-de-ampliacao-do-aeroporto-de-fortaleza-ja-alcancam-60-diz-fraport\/","title":{"rendered":"Obras de amplia\u00e7\u00e3o do Aeroporto de Fortaleza j\u00e1 alcan\u00e7am 60%, diz Fraport"},"content":{"rendered":"<p><img loading=\"lazy\" decoding=\"async\" class=\"alignnone size-medium wp-image-12432\" src=\"http:\/\/blogdorogeriogomes.com.br\/wp-content\/uploads\/2019\/04\/IMG_20190410_142221_760-300x200.jpg\" alt=\"IMG_20190410_142221_760\" width=\"300\" height=\"200\" srcset=\"https:\/\/blogdorogeriogomes.com.br\/noticias\/wp-content\/uploads\/2019\/04\/IMG_20190410_142221_760-300x200.jpg 300w, https:\/\/blogdorogeriogomes.com.br\/noticias\/wp-content\/uploads\/2019\/04\/IMG_20190410_142221_760-768x512.jpg 768w, https:\/\/blogdorogeriogomes.com.br\/noticias\/wp-content\/uploads\/2019\/04\/IMG_20190410_142221_760-1024x683.jpg 1024w, https:\/\/blogdorogeriogomes.com.br\/noticias\/wp-content\/uploads\/2019\/04\/IMG_20190410_142221_760.jpg 1200w\" sizes=\"auto, (max-width: 300px) 100vw, 300px\" \/><\/p>\n<p>A empresa alem\u00e3 Fraport, que administra hoje o Aeroporto Internacional de Fortaleza, garante as obras de amplia\u00e7\u00e3o do equipamento j\u00e1 atingiram 60%. Iniciada h\u00e1 um ano, a interven\u00e7\u00e3o vai ampliar de sete para 15 pontes de embarque e desembarque, ampliando em mais de 100% a capacidade operacional do equipamento. Ano passado, passaram pelo terminal exatos 6.614.227 passageiros. A expectativa \u00e9 chegar a 20 milh\u00f5es em 10 anos.<br \/>\nO governador do Cear\u00e1, Camilo Santana, ao lado do prefeito do Fortaleza, Roberto Cl\u00e1udio, e da presidente da Fraport Brasil, Andreea Pal, visitou na manh\u00e3 desta quarta-feira, dia 10 de abril, o andamento das obras.<br \/>\nSobre o aumento de conex\u00f5es e turistas, Camilo Santana destacou que o Governo vem trabalhando em duas frentes: a negocia\u00e7\u00e3o de novos voos com algumas companhias a\u00e9reas e a divulga\u00e7\u00e3o do estado como destino tur\u00edstico.<\/p>\n","protected":false},"excerpt":{"rendered":"<p>A empresa alem\u00e3 Fraport, que administra hoje o Aeroporto Internacional de Fortaleza, garante as obras de amplia\u00e7\u00e3o do equipamento j\u00e1 atingiram 60%. Iniciada h\u00e1 um ano, a interven\u00e7\u00e3o vai ampliar de sete para 15 pontes de embarque e desembarque, ampliando em mais de 100% a capacidade operacional do equipamento. Ano passado, passaram pelo terminal exatos 6.614.227 passageiros. A expectativa \u00e9 chegar a 20 milh\u00f5es em 10 anos. O governador do Cear\u00e1, Camilo Santana, ao lado do prefeito do Fortaleza,&hellip;<\/p>\n","protected":false},"author":1,"featured_media":0,"comment_status":"open","ping_status":"open","sticky":false,"template":"","format":"standard","meta":{"footnotes":""},"categories":[1],"tags":[],"class_list":["post-12431","post","type-post","status-publish","format-standard","hentry","category-noticias"],"_links":{"self":[{"href":"https:\/\/blogdorogeriogomes.com.br\/noticias\/wp-json\/wp\/v2\/posts\/12431","targetHints":{"allow":["GET"]}}],"collection":[{"href":"https:\/\/blogdorogeriogomes.com.br\/noticias\/wp-json\/wp\/v2\/posts"}],"about":[{"href":"https:\/\/blogdorogeriogomes.com.br\/noticias\/wp-json\/wp\/v2\/types\/post"}],"author":[{"embeddable":true,"href":"https:\/\/blogdorogeriogomes.com.br\/noticias\/wp-json\/wp\/v2\/users\/1"}],"replies":[{"embeddable":true,"href":"https:\/\/blogdorogeriogomes.com.br\/noticias\/wp-json\/wp\/v2\/comments?post=12431"}],"version-history":[{"count":1,"href":"https:\/\/blogdorogeriogomes.com.br\/noticias\/wp-json\/wp\/v2\/posts\/12431\/revisions"}],"predecessor-version":[{"id":12433,"href":"https:\/\/blogdorogeriogomes.com.br\/noticias\/wp-json\/wp\/v2\/posts\/12431\/revisions\/12433"}],"wp:attachment":[{"href":"https:\/\/blogdorogeriogomes.com.br\/noticias\/wp-json\/wp\/v2\/media?parent=12431"}],"wp:term":[{"taxonomy":"category","embeddable":true,"href":"https:\/\/blogdorogeriogomes.com.br\/noticias\/wp-json\/wp\/v2\/categories?post=12431"},{"taxonomy":"post_tag","embeddable":true,"href":"https:\/\/blogdorogeriogomes.com.br\/noticias\/wp-json\/wp\/v2\/tags?post=12431"}],"curies":[{"name":"wp","href":"https:\/\/api.w.org\/{rel}","templated":true}]}}