{"id":12434,"date":"2019-04-11T11:16:51","date_gmt":"2019-04-11T11:16:51","guid":{"rendered":"http:\/\/blogdorogeriogomes.com.br\/?p=12434"},"modified":"2019-04-11T11:16:51","modified_gmt":"2019-04-11T11:16:51","slug":"prefeitura-de-fortaleza-dara-inicio-a-nova-engorda-da-faixa-de-areia-na-beira-mar","status":"publish","type":"post","link":"https:\/\/blogdorogeriogomes.com.br\/noticias\/2019\/04\/prefeitura-de-fortaleza-dara-inicio-a-nova-engorda-da-faixa-de-areia-na-beira-mar\/","title":{"rendered":"Prefeitura de Fortaleza dar\u00e1 in\u00edcio a nova engorda da faixa de areia na Beira Mar"},"content":{"rendered":"<p><img loading=\"lazy\" decoding=\"async\" class=\"alignnone size-medium wp-image-12435\" src=\"http:\/\/blogdorogeriogomes.com.br\/wp-content\/uploads\/2019\/04\/IMG_20190411_081027_396-300x200.jpg\" alt=\"IMG_20190411_081027_396\" width=\"300\" height=\"200\" srcset=\"https:\/\/blogdorogeriogomes.com.br\/noticias\/wp-content\/uploads\/2019\/04\/IMG_20190411_081027_396-300x200.jpg 300w, https:\/\/blogdorogeriogomes.com.br\/noticias\/wp-content\/uploads\/2019\/04\/IMG_20190411_081027_396.jpg 679w\" sizes=\"auto, (max-width: 300px) 100vw, 300px\" \/><\/p>\n<p>As obras de requalifica\u00e7\u00e3o da avenida Beira Mar v\u00e3o entrar em nova fase. Nesta sexta-feira, dia 12 de abril, o prefeito Roberto Cl\u00e1udio assina a ordem de servi\u00e7o para as obras do novo aterro na avenida. A engorda da faixa de areia ser\u00e1 feita entre os espig\u00f5es das avenidas Rui Barbosa e Desembargador Moreira. Al\u00e9m da areia, o local dever\u00e1 receber arboriza\u00e7\u00e3o e equipamentos como ciclovias, pistas para corrida, brinquedos e quiosques.<br \/>\nO futuro aterro dever\u00e1 avan\u00e7ar 80 metros dentro do mar e ter\u00e1 extens\u00e3o de 1,2 mil metros. A \u00e1rea total do aterro equivalente a quase 10 quarteir\u00f5es. Ficar\u00e1 no mesmo n\u00edvel do atual Aterro da Praia de Iracema, onde acontecem os principais eventos p\u00fablicos da Capital.<br \/>\nA obra \u00e9 or\u00e7ada em R$ 70 milh\u00f5es. O projeto de integra\u00e7\u00e3o da orla mar\u00edtima de Fortaleza prev\u00ea a cria\u00e7\u00e3o de um corredor tur\u00edstico, interligando desde a Praia de Iracema at\u00e9 o Titanzinho.<\/p>\n","protected":false},"excerpt":{"rendered":"<p>As obras de requalifica\u00e7\u00e3o da avenida Beira Mar v\u00e3o entrar em nova fase. Nesta sexta-feira, dia 12 de abril, o prefeito Roberto Cl\u00e1udio assina a ordem de servi\u00e7o para as obras do novo aterro na avenida. A engorda da faixa de areia ser\u00e1 feita entre os espig\u00f5es das avenidas Rui Barbosa e Desembargador Moreira. Al\u00e9m da areia, o local dever\u00e1 receber arboriza\u00e7\u00e3o e equipamentos como ciclovias, pistas para corrida, brinquedos e quiosques. O futuro aterro dever\u00e1 avan\u00e7ar 80 metros&hellip;<\/p>\n","protected":false},"author":1,"featured_media":0,"comment_status":"open","ping_status":"open","sticky":false,"template":"","format":"standard","meta":{"footnotes":""},"categories":[1],"tags":[],"class_list":["post-12434","post","type-post","status-publish","format-standard","hentry","category-noticias"],"_links":{"self":[{"href":"https:\/\/blogdorogeriogomes.com.br\/noticias\/wp-json\/wp\/v2\/posts\/12434","targetHints":{"allow":["GET"]}}],"collection":[{"href":"https:\/\/blogdorogeriogomes.com.br\/noticias\/wp-json\/wp\/v2\/posts"}],"about":[{"href":"https:\/\/blogdorogeriogomes.com.br\/noticias\/wp-json\/wp\/v2\/types\/post"}],"author":[{"embeddable":true,"href":"https:\/\/blogdorogeriogomes.com.br\/noticias\/wp-json\/wp\/v2\/users\/1"}],"replies":[{"embeddable":true,"href":"https:\/\/blogdorogeriogomes.com.br\/noticias\/wp-json\/wp\/v2\/comments?post=12434"}],"version-history":[{"count":1,"href":"https:\/\/blogdorogeriogomes.com.br\/noticias\/wp-json\/wp\/v2\/posts\/12434\/revisions"}],"predecessor-version":[{"id":12436,"href":"https:\/\/blogdorogeriogomes.com.br\/noticias\/wp-json\/wp\/v2\/posts\/12434\/revisions\/12436"}],"wp:attachment":[{"href":"https:\/\/blogdorogeriogomes.com.br\/noticias\/wp-json\/wp\/v2\/media?parent=12434"}],"wp:term":[{"taxonomy":"category","embeddable":true,"href":"https:\/\/blogdorogeriogomes.com.br\/noticias\/wp-json\/wp\/v2\/categories?post=12434"},{"taxonomy":"post_tag","embeddable":true,"href":"https:\/\/blogdorogeriogomes.com.br\/noticias\/wp-json\/wp\/v2\/tags?post=12434"}],"curies":[{"name":"wp","href":"https:\/\/api.w.org\/{rel}","templated":true}]}}