{"id":12437,"date":"2019-04-11T11:46:39","date_gmt":"2019-04-11T11:46:39","guid":{"rendered":"http:\/\/blogdorogeriogomes.com.br\/?p=12437"},"modified":"2019-04-11T11:46:39","modified_gmt":"2019-04-11T11:46:39","slug":"juiza-de-brasilia-manda-cancelar-a-retirada-dos-radares-nas-rodovias-federais","status":"publish","type":"post","link":"https:\/\/blogdorogeriogomes.com.br\/noticias\/2019\/04\/juiza-de-brasilia-manda-cancelar-a-retirada-dos-radares-nas-rodovias-federais\/","title":{"rendered":"Ju\u00edza de Bras\u00edlia manda cancelar a retirada dos radares nas rodovias federais"},"content":{"rendered":"<p><img loading=\"lazy\" decoding=\"async\" class=\"alignnone size-medium wp-image-12438\" src=\"http:\/\/blogdorogeriogomes.com.br\/wp-content\/uploads\/2019\/04\/IMG_20190411_084301_352-300x242.jpg\" alt=\"IMG_20190411_084301_352\" width=\"300\" height=\"242\" srcset=\"https:\/\/blogdorogeriogomes.com.br\/noticias\/wp-content\/uploads\/2019\/04\/IMG_20190411_084301_352-300x242.jpg 300w, https:\/\/blogdorogeriogomes.com.br\/noticias\/wp-content\/uploads\/2019\/04\/IMG_20190411_084301_352-768x620.jpg 768w, https:\/\/blogdorogeriogomes.com.br\/noticias\/wp-content\/uploads\/2019\/04\/IMG_20190411_084301_352.jpg 942w\" sizes=\"auto, (max-width: 300px) 100vw, 300px\" \/><br \/>\nA ju\u00edza Diana Vanderlei, da 5\u00aa Vara Federal em Bras\u00edlia, mandou cancelar a retirada de radares de velocidade das rodovias federais de todo o pa\u00eds nesta quarta-feira, dia 10 de abril. A decis\u00e3o foi motivada por um pedido liminar feito pelo senador Fabiano Contarato (REDE-ES), mas n\u00e3o \u00e9 definitiva e cabe recurso.<br \/>\nNa decis\u00e3o, a ju\u00edza tamb\u00e9m determinou que seja realizada a renova\u00e7\u00e3o dos contratos do Programa Nacional de Controle Eletr\u00f4nico de Velocidade por mais 60 dias. Ela enfatizou que o Governo Federal s\u00f3 pode mudar uma pol\u00edtica de seguran\u00e7a nas estradas quando tiver outra para implementar no lugar. O que n\u00e3o \u00e9 o caso, j\u00e1 que a Uni\u00e3o diz que ainda vai iniciar um estudo.<br \/>\nA magistrada atende a a\u00e7\u00e3o popular movida contra a Uni\u00e3o ap\u00f3s declara\u00e7\u00f5es do presidente Jair Bolsonaro em seu Twitter. Determinou ainda a multa R$ 50 mil por unidade retirada.<br \/>\nO presidente da Rep\u00fablica disse pelas redes sociais que barrou a instala\u00e7\u00e3o de 8 mil radares nas rodovias federais. Segundo ele, esse n\u00famero considera os pedidos prontos que foram levantados pelo Minist\u00e9rio da Infraestrutura.<\/p>\n","protected":false},"excerpt":{"rendered":"<p>A ju\u00edza Diana Vanderlei, da 5\u00aa Vara Federal em Bras\u00edlia, mandou cancelar a retirada de radares de velocidade das rodovias federais de todo o pa\u00eds nesta quarta-feira, dia 10 de abril. A decis\u00e3o foi motivada por um pedido liminar feito pelo senador Fabiano Contarato (REDE-ES), mas n\u00e3o \u00e9 definitiva e cabe recurso. Na decis\u00e3o, a ju\u00edza tamb\u00e9m determinou que seja realizada a renova\u00e7\u00e3o dos contratos do Programa Nacional de Controle Eletr\u00f4nico de Velocidade por mais 60 dias. Ela enfatizou&hellip;<\/p>\n","protected":false},"author":1,"featured_media":0,"comment_status":"open","ping_status":"open","sticky":false,"template":"","format":"standard","meta":{"footnotes":""},"categories":[1],"tags":[],"class_list":["post-12437","post","type-post","status-publish","format-standard","hentry","category-noticias"],"_links":{"self":[{"href":"https:\/\/blogdorogeriogomes.com.br\/noticias\/wp-json\/wp\/v2\/posts\/12437","targetHints":{"allow":["GET"]}}],"collection":[{"href":"https:\/\/blogdorogeriogomes.com.br\/noticias\/wp-json\/wp\/v2\/posts"}],"about":[{"href":"https:\/\/blogdorogeriogomes.com.br\/noticias\/wp-json\/wp\/v2\/types\/post"}],"author":[{"embeddable":true,"href":"https:\/\/blogdorogeriogomes.com.br\/noticias\/wp-json\/wp\/v2\/users\/1"}],"replies":[{"embeddable":true,"href":"https:\/\/blogdorogeriogomes.com.br\/noticias\/wp-json\/wp\/v2\/comments?post=12437"}],"version-history":[{"count":1,"href":"https:\/\/blogdorogeriogomes.com.br\/noticias\/wp-json\/wp\/v2\/posts\/12437\/revisions"}],"predecessor-version":[{"id":12439,"href":"https:\/\/blogdorogeriogomes.com.br\/noticias\/wp-json\/wp\/v2\/posts\/12437\/revisions\/12439"}],"wp:attachment":[{"href":"https:\/\/blogdorogeriogomes.com.br\/noticias\/wp-json\/wp\/v2\/media?parent=12437"}],"wp:term":[{"taxonomy":"category","embeddable":true,"href":"https:\/\/blogdorogeriogomes.com.br\/noticias\/wp-json\/wp\/v2\/categories?post=12437"},{"taxonomy":"post_tag","embeddable":true,"href":"https:\/\/blogdorogeriogomes.com.br\/noticias\/wp-json\/wp\/v2\/tags?post=12437"}],"curies":[{"name":"wp","href":"https:\/\/api.w.org\/{rel}","templated":true}]}}