{"id":12440,"date":"2019-04-11T20:57:16","date_gmt":"2019-04-11T20:57:16","guid":{"rendered":"http:\/\/blogdorogeriogomes.com.br\/?p=12440"},"modified":"2019-04-11T20:57:16","modified_gmt":"2019-04-11T20:57:16","slug":"ao-completar-100-dias-na-camara-antonio-henrique-anuncia-lancamento-de-concurso-publico-ainda-no-1-semestre","status":"publish","type":"post","link":"https:\/\/blogdorogeriogomes.com.br\/noticias\/2019\/04\/ao-completar-100-dias-na-camara-antonio-henrique-anuncia-lancamento-de-concurso-publico-ainda-no-1-semestre\/","title":{"rendered":"Ao completar 100 dias na C\u00e2mara, Ant\u00f4nio Henrique anuncia lan\u00e7amento de concurso p\u00fablico ainda no 1\u00b0 semestre"},"content":{"rendered":"<p><img loading=\"lazy\" decoding=\"async\" class=\"alignnone size-medium wp-image-12441\" src=\"http:\/\/blogdorogeriogomes.com.br\/wp-content\/uploads\/2019\/04\/IMG_20190411_175201_599-300x200.jpg\" alt=\"IMG_20190411_175201_599\" width=\"300\" height=\"200\" srcset=\"https:\/\/blogdorogeriogomes.com.br\/noticias\/wp-content\/uploads\/2019\/04\/IMG_20190411_175201_599-300x200.jpg 300w, https:\/\/blogdorogeriogomes.com.br\/noticias\/wp-content\/uploads\/2019\/04\/IMG_20190411_175201_599.jpg 679w\" sizes=\"auto, (max-width: 300px) 100vw, 300px\" \/><\/p>\n<p>Ao completar 100 dias de gest\u00e3o, o presidente da C\u00e2mara Municipal, Ant\u00f4nio Henrique (PDT), anunciou a realiza\u00e7\u00e3o da terceira reuni\u00e3o do ano do Col\u00e9gio de L\u00edderes Partid\u00e1rios para a pr\u00f3xima ter\u00e7a-feira, dia 16 de abril, onde ir\u00e1 discutir projetos para a Casa. Ant\u00f4nio Henrique avaliou que os tr\u00eas primeiros meses foram para estruturar o suporte t\u00e9cnico de todos os Departamentos da C\u00e2mara.<br \/>\nE uma das primeiras pautas da gest\u00e3o \u00e9 a realiza\u00e7\u00e3o de um concurso p\u00fablico para o Legislativo Municipal. De acordo com o Tribunal de Contas do Estado, a C\u00e2mara de Fortaleza registrou 1.500 servidores em 2018. Deste total, apenas 10% eram efetivos. Ant\u00f4nio Henrique quer mudar essa realidade.<br \/>\nA ideia \u00e9 publicar o edital do concurso, no m\u00e1ximo, em 90 dias. \u201cA comiss\u00e3o t\u00e9cnica para a realiza\u00e7\u00e3o do certame foi formada e est\u00e1 encaminhando os procedimentos administrativos necess\u00e1rios\u201d, disse Ant\u00f4nio Henrique.<\/p>\n<p>Em fevereiro passado, o Minist\u00e9rio P\u00fablico do Cear\u00e1 enviou \u00e0 presid\u00eancia da C\u00e2mara recomenda\u00e7\u00e3o para que o concurso fosse realizado em 90 dias, sob pena de abertura de uma a\u00e7\u00e3o civil p\u00fablica.<\/p>\n","protected":false},"excerpt":{"rendered":"<p>Ao completar 100 dias de gest\u00e3o, o presidente da C\u00e2mara Municipal, Ant\u00f4nio Henrique (PDT), anunciou a realiza\u00e7\u00e3o da terceira reuni\u00e3o do ano do Col\u00e9gio de L\u00edderes Partid\u00e1rios para a pr\u00f3xima ter\u00e7a-feira, dia 16 de abril, onde ir\u00e1 discutir projetos para a Casa. Ant\u00f4nio Henrique avaliou que os tr\u00eas primeiros meses foram para estruturar o suporte t\u00e9cnico de todos os Departamentos da C\u00e2mara. E uma das primeiras pautas da gest\u00e3o \u00e9 a realiza\u00e7\u00e3o de um concurso p\u00fablico para o Legislativo&hellip;<\/p>\n","protected":false},"author":1,"featured_media":0,"comment_status":"open","ping_status":"open","sticky":false,"template":"","format":"standard","meta":{"footnotes":""},"categories":[1],"tags":[],"class_list":["post-12440","post","type-post","status-publish","format-standard","hentry","category-noticias"],"_links":{"self":[{"href":"https:\/\/blogdorogeriogomes.com.br\/noticias\/wp-json\/wp\/v2\/posts\/12440","targetHints":{"allow":["GET"]}}],"collection":[{"href":"https:\/\/blogdorogeriogomes.com.br\/noticias\/wp-json\/wp\/v2\/posts"}],"about":[{"href":"https:\/\/blogdorogeriogomes.com.br\/noticias\/wp-json\/wp\/v2\/types\/post"}],"author":[{"embeddable":true,"href":"https:\/\/blogdorogeriogomes.com.br\/noticias\/wp-json\/wp\/v2\/users\/1"}],"replies":[{"embeddable":true,"href":"https:\/\/blogdorogeriogomes.com.br\/noticias\/wp-json\/wp\/v2\/comments?post=12440"}],"version-history":[{"count":1,"href":"https:\/\/blogdorogeriogomes.com.br\/noticias\/wp-json\/wp\/v2\/posts\/12440\/revisions"}],"predecessor-version":[{"id":12442,"href":"https:\/\/blogdorogeriogomes.com.br\/noticias\/wp-json\/wp\/v2\/posts\/12440\/revisions\/12442"}],"wp:attachment":[{"href":"https:\/\/blogdorogeriogomes.com.br\/noticias\/wp-json\/wp\/v2\/media?parent=12440"}],"wp:term":[{"taxonomy":"category","embeddable":true,"href":"https:\/\/blogdorogeriogomes.com.br\/noticias\/wp-json\/wp\/v2\/categories?post=12440"},{"taxonomy":"post_tag","embeddable":true,"href":"https:\/\/blogdorogeriogomes.com.br\/noticias\/wp-json\/wp\/v2\/tags?post=12440"}],"curies":[{"name":"wp","href":"https:\/\/api.w.org\/{rel}","templated":true}]}}