{"id":12443,"date":"2019-04-11T22:09:46","date_gmt":"2019-04-11T22:09:46","guid":{"rendered":"http:\/\/blogdorogeriogomes.com.br\/?p=12443"},"modified":"2019-04-11T22:10:58","modified_gmt":"2019-04-11T22:10:58","slug":"ciro-gomes-reaje-a-proposta-de-autonomia-do-banco-central-feita-por-bolsonaro","status":"publish","type":"post","link":"https:\/\/blogdorogeriogomes.com.br\/noticias\/2019\/04\/ciro-gomes-reaje-a-proposta-de-autonomia-do-banco-central-feita-por-bolsonaro\/","title":{"rendered":"Ciro Gomes reage a proposta de autonomia do Banco Central feita por Bolsonaro"},"content":{"rendered":"<p><img loading=\"lazy\" decoding=\"async\" class=\"alignnone size-medium wp-image-12444\" src=\"http:\/\/blogdorogeriogomes.com.br\/wp-content\/uploads\/2019\/04\/IMG_20190411_190043_241-300x183.jpg\" alt=\"IMG_20190411_190043_241\" width=\"300\" height=\"183\" srcset=\"https:\/\/blogdorogeriogomes.com.br\/noticias\/wp-content\/uploads\/2019\/04\/IMG_20190411_190043_241-300x183.jpg 300w, https:\/\/blogdorogeriogomes.com.br\/noticias\/wp-content\/uploads\/2019\/04\/IMG_20190411_190043_241.jpg 685w\" sizes=\"auto, (max-width: 300px) 100vw, 300px\" \/><\/p>\n<p>O ex-ministro Ciro Gomes (PDT) criticou a proposta de autonomia do Banco Central, anunciada pelo presidente Jair Bolsonaro como uma de suas promessas de campanha e assinada nesta quinta-feira, dia 11 de abril. De acordo com Ciro, uma eventual aprova\u00e7\u00e3o desse projeto \u00e9 caso de \u201cir para rua e quebrar tudo\u201d.<br \/>\n\u201cSe come\u00e7ar a privatizar os dois \u00faltimos bancos p\u00fablicos e entregar o Banco Central ao predom\u00ednio do sistema financeiro simplesmente se est\u00e1 destruindo a sustenta\u00e7\u00e3o do povo brasileiro. Isso \u00e9 daqueles casos de a gente ir pra rua e quebrar tudo\u201d, disse o pedetista.<br \/>\nPerguntado sobre essa express\u00e3o, Ciro avisou se tratar de uma met\u00e1fora e do efeito de ter recebido a not\u00edcia por jornalistas no meio da entrevista. Logo ap\u00f3s comunicou que \u201cuma medida como esta da autonomia do Banco Central n\u00e3o pode ser aceitada passivamente\u201d.<br \/>\n\u201cAtribua minha rea\u00e7\u00e3o a uma surpresa que acabei de ter, mas n\u00e3o acho que o povo brasileiro deva aceitar passivamente uma medida dessas. Uma maneira de reagir \u00e9 ir pra rua de forma calorosa. E eu n\u00e3o vou mandar ir, eu vou junto\u201d, informou o pedetista.<\/p>\n","protected":false},"excerpt":{"rendered":"<p>O ex-ministro Ciro Gomes (PDT) criticou a proposta de autonomia do Banco Central, anunciada pelo presidente Jair Bolsonaro como uma de suas promessas de campanha e assinada nesta quinta-feira, dia 11 de abril. De acordo com Ciro, uma eventual aprova\u00e7\u00e3o desse projeto \u00e9 caso de \u201cir para rua e quebrar tudo\u201d. \u201cSe come\u00e7ar a privatizar os dois \u00faltimos bancos p\u00fablicos e entregar o Banco Central ao predom\u00ednio do sistema financeiro simplesmente se est\u00e1 destruindo a sustenta\u00e7\u00e3o do povo brasileiro.&hellip;<\/p>\n","protected":false},"author":1,"featured_media":0,"comment_status":"open","ping_status":"open","sticky":false,"template":"","format":"standard","meta":{"footnotes":""},"categories":[1],"tags":[],"class_list":["post-12443","post","type-post","status-publish","format-standard","hentry","category-noticias"],"_links":{"self":[{"href":"https:\/\/blogdorogeriogomes.com.br\/noticias\/wp-json\/wp\/v2\/posts\/12443","targetHints":{"allow":["GET"]}}],"collection":[{"href":"https:\/\/blogdorogeriogomes.com.br\/noticias\/wp-json\/wp\/v2\/posts"}],"about":[{"href":"https:\/\/blogdorogeriogomes.com.br\/noticias\/wp-json\/wp\/v2\/types\/post"}],"author":[{"embeddable":true,"href":"https:\/\/blogdorogeriogomes.com.br\/noticias\/wp-json\/wp\/v2\/users\/1"}],"replies":[{"embeddable":true,"href":"https:\/\/blogdorogeriogomes.com.br\/noticias\/wp-json\/wp\/v2\/comments?post=12443"}],"version-history":[{"count":2,"href":"https:\/\/blogdorogeriogomes.com.br\/noticias\/wp-json\/wp\/v2\/posts\/12443\/revisions"}],"predecessor-version":[{"id":12447,"href":"https:\/\/blogdorogeriogomes.com.br\/noticias\/wp-json\/wp\/v2\/posts\/12443\/revisions\/12447"}],"wp:attachment":[{"href":"https:\/\/blogdorogeriogomes.com.br\/noticias\/wp-json\/wp\/v2\/media?parent=12443"}],"wp:term":[{"taxonomy":"category","embeddable":true,"href":"https:\/\/blogdorogeriogomes.com.br\/noticias\/wp-json\/wp\/v2\/categories?post=12443"},{"taxonomy":"post_tag","embeddable":true,"href":"https:\/\/blogdorogeriogomes.com.br\/noticias\/wp-json\/wp\/v2\/tags?post=12443"}],"curies":[{"name":"wp","href":"https:\/\/api.w.org\/{rel}","templated":true}]}}