{"id":12448,"date":"2019-04-12T14:08:42","date_gmt":"2019-04-12T14:08:42","guid":{"rendered":"http:\/\/blogdorogeriogomes.com.br\/?p=12448"},"modified":"2019-04-12T14:08:42","modified_gmt":"2019-04-12T14:08:42","slug":"secretaria-de-administracao-penitenciaria-adota-novas-regras-para-visita-de-parentes-de-presos-no-sistema-penitenciario-do-ceara","status":"publish","type":"post","link":"https:\/\/blogdorogeriogomes.com.br\/noticias\/2019\/04\/secretaria-de-administracao-penitenciaria-adota-novas-regras-para-visita-de-parentes-de-presos-no-sistema-penitenciario-do-ceara\/","title":{"rendered":"Secretaria de Administra\u00e7\u00e3o Penitenci\u00e1ria adota novas regras para visita de parentes de presos no Sistema Penitenci\u00e1rio do Cear\u00e1"},"content":{"rendered":"<p><img loading=\"lazy\" decoding=\"async\" class=\"alignnone size-medium wp-image-12449\" src=\"http:\/\/blogdorogeriogomes.com.br\/wp-content\/uploads\/2019\/04\/IMG_20190412_081524_017-300x174.jpg\" alt=\"IMG_20190412_081524_017\" width=\"300\" height=\"174\" srcset=\"https:\/\/blogdorogeriogomes.com.br\/noticias\/wp-content\/uploads\/2019\/04\/IMG_20190412_081524_017-300x174.jpg 300w, https:\/\/blogdorogeriogomes.com.br\/noticias\/wp-content\/uploads\/2019\/04\/IMG_20190412_081524_017.jpg 716w\" sizes=\"auto, (max-width: 300px) 100vw, 300px\" \/><\/p>\n<p>A Secretaria da Administra\u00e7\u00e3o Penitenci\u00e1ria (SAP) passou a dotar novas regras para disciplinar a visita de parentes de presos no Sistema Penitenci\u00e1rio do Cear\u00e1. Na \u00faltima quarta-feira, dia 10 de abril, entrou em vigor uma portaria que regulamenta e disciplina os procedimentos de visitas aos detentos, incluindo a divis\u00e3o dos dias dos encontros e maior rigor nas vestimentas dos visitantes.<br \/>\nA cada m\u00eas, os internos ser\u00e3o divididos em dois grupos, e cada um receber\u00e1 visitas a cada 15 dias. Os grupos, por sua vez, ser\u00e3o subdivididos para definir quem recebe visita no s\u00e1bado ou no domingo. Os custodiados em alas de seguran\u00e7a m\u00e1xima s\u00f3 ter\u00e3o visitas a cada 30 dias.<br \/>\nA perman\u00eancia dos visitantes cadastrados ser\u00e1 permitida das 8 \u00e0s 13 horas, no n\u00famero m\u00e1ximo de duas pessoas por preso.<\/p>\n","protected":false},"excerpt":{"rendered":"<p>A Secretaria da Administra\u00e7\u00e3o Penitenci\u00e1ria (SAP) passou a dotar novas regras para disciplinar a visita de parentes de presos no Sistema Penitenci\u00e1rio do Cear\u00e1. Na \u00faltima quarta-feira, dia 10 de abril, entrou em vigor uma portaria que regulamenta e disciplina os procedimentos de visitas aos detentos, incluindo a divis\u00e3o dos dias dos encontros e maior rigor nas vestimentas dos visitantes. A cada m\u00eas, os internos ser\u00e3o divididos em dois grupos, e cada um receber\u00e1 visitas a cada 15 dias.&hellip;<\/p>\n","protected":false},"author":1,"featured_media":0,"comment_status":"open","ping_status":"open","sticky":false,"template":"","format":"standard","meta":{"footnotes":""},"categories":[1],"tags":[],"class_list":["post-12448","post","type-post","status-publish","format-standard","hentry","category-noticias"],"_links":{"self":[{"href":"https:\/\/blogdorogeriogomes.com.br\/noticias\/wp-json\/wp\/v2\/posts\/12448","targetHints":{"allow":["GET"]}}],"collection":[{"href":"https:\/\/blogdorogeriogomes.com.br\/noticias\/wp-json\/wp\/v2\/posts"}],"about":[{"href":"https:\/\/blogdorogeriogomes.com.br\/noticias\/wp-json\/wp\/v2\/types\/post"}],"author":[{"embeddable":true,"href":"https:\/\/blogdorogeriogomes.com.br\/noticias\/wp-json\/wp\/v2\/users\/1"}],"replies":[{"embeddable":true,"href":"https:\/\/blogdorogeriogomes.com.br\/noticias\/wp-json\/wp\/v2\/comments?post=12448"}],"version-history":[{"count":1,"href":"https:\/\/blogdorogeriogomes.com.br\/noticias\/wp-json\/wp\/v2\/posts\/12448\/revisions"}],"predecessor-version":[{"id":12450,"href":"https:\/\/blogdorogeriogomes.com.br\/noticias\/wp-json\/wp\/v2\/posts\/12448\/revisions\/12450"}],"wp:attachment":[{"href":"https:\/\/blogdorogeriogomes.com.br\/noticias\/wp-json\/wp\/v2\/media?parent=12448"}],"wp:term":[{"taxonomy":"category","embeddable":true,"href":"https:\/\/blogdorogeriogomes.com.br\/noticias\/wp-json\/wp\/v2\/categories?post=12448"},{"taxonomy":"post_tag","embeddable":true,"href":"https:\/\/blogdorogeriogomes.com.br\/noticias\/wp-json\/wp\/v2\/tags?post=12448"}],"curies":[{"name":"wp","href":"https:\/\/api.w.org\/{rel}","templated":true}]}}