{"id":12454,"date":"2019-04-13T09:39:13","date_gmt":"2019-04-13T09:39:13","guid":{"rendered":"http:\/\/blogdorogeriogomes.com.br\/?p=12454"},"modified":"2019-04-13T09:39:13","modified_gmt":"2019-04-13T09:39:13","slug":"camilo-santana-rebate-denuncias-de-tortura-a-presos-dentro-do-sistema-penitenciario-do-ceara","status":"publish","type":"post","link":"https:\/\/blogdorogeriogomes.com.br\/noticias\/2019\/04\/camilo-santana-rebate-denuncias-de-tortura-a-presos-dentro-do-sistema-penitenciario-do-ceara\/","title":{"rendered":"Camilo Santana rebate den\u00fancias de tortura a presos dentro do sistema penitenci\u00e1rio do Cear\u00e1"},"content":{"rendered":"<p><img loading=\"lazy\" decoding=\"async\" class=\"alignnone size-medium wp-image-12455\" src=\"http:\/\/blogdorogeriogomes.com.br\/wp-content\/uploads\/2019\/04\/IMG_20190413_063412_854-300x200.jpg\" alt=\"IMG_20190413_063412_854\" width=\"300\" height=\"200\" srcset=\"https:\/\/blogdorogeriogomes.com.br\/noticias\/wp-content\/uploads\/2019\/04\/IMG_20190413_063412_854-300x200.jpg 300w, https:\/\/blogdorogeriogomes.com.br\/noticias\/wp-content\/uploads\/2019\/04\/IMG_20190413_063412_854-768x511.jpg 768w, https:\/\/blogdorogeriogomes.com.br\/noticias\/wp-content\/uploads\/2019\/04\/IMG_20190413_063412_854-1024x681.jpg 1024w, https:\/\/blogdorogeriogomes.com.br\/noticias\/wp-content\/uploads\/2019\/04\/IMG_20190413_063412_854.jpg 1200w\" sizes=\"auto, (max-width: 300px) 100vw, 300px\" \/><\/p>\n<p>O governador Camilo Santana rebateu as den\u00fancias de tortura dentro do sistema penitenci\u00e1rio do Cear\u00e1, que foram expressadas em um relat\u00f3rio do Mecanismo Nacional de Preven\u00e7\u00e3o e Combate \u00e0 Tortura. O documento foi divulgado na quarta-feira, dia 11 de abril, em audi\u00eancia no audit\u00f3rio da Ordem dos Advogados do Brasil, em Fortaleza. O governador cearense disse, nesta sexta-feira, dia 12 de abril, que n\u00e3o ser\u00e1 permitido \u201ctratamento vip\u201d a presos no Cear\u00e1. Ele afirmou que confia em Mauro Albuquerque, titular da Secretaria da Administra\u00e7\u00e3o Penitenci\u00e1ria (SAP), e que a determina\u00e7\u00e3o do Executivo \u00e9 o cumprimento da Lei de Execu\u00e7\u00e3o Penal.<br \/>\nCamilo Santana deu entrevista coletiva ap\u00f3s a VIII Reuni\u00e3o do Comit\u00ea de Governan\u00e7a do Pacto por um Cear\u00e1 Pac\u00edfico. Durante o encontro, foram celebrados conv\u00eanios e protocolos institucionais entre o Governo e entidades parceiras, como o Minist\u00e9rio P\u00fablico do Estado do Cear\u00e1 (MPCE), Tribunal de Justi\u00e7a do Cear\u00e1 (TJCE) e Comit\u00ea Internacional da Cruz Vermelha.<\/p>\n","protected":false},"excerpt":{"rendered":"<p>O governador Camilo Santana rebateu as den\u00fancias de tortura dentro do sistema penitenci\u00e1rio do Cear\u00e1, que foram expressadas em um relat\u00f3rio do Mecanismo Nacional de Preven\u00e7\u00e3o e Combate \u00e0 Tortura. O documento foi divulgado na quarta-feira, dia 11 de abril, em audi\u00eancia no audit\u00f3rio da Ordem dos Advogados do Brasil, em Fortaleza. O governador cearense disse, nesta sexta-feira, dia 12 de abril, que n\u00e3o ser\u00e1 permitido \u201ctratamento vip\u201d a presos no Cear\u00e1. Ele afirmou que confia em Mauro Albuquerque,&hellip;<\/p>\n","protected":false},"author":1,"featured_media":0,"comment_status":"open","ping_status":"open","sticky":false,"template":"","format":"standard","meta":{"footnotes":""},"categories":[1],"tags":[],"class_list":["post-12454","post","type-post","status-publish","format-standard","hentry","category-noticias"],"_links":{"self":[{"href":"https:\/\/blogdorogeriogomes.com.br\/noticias\/wp-json\/wp\/v2\/posts\/12454","targetHints":{"allow":["GET"]}}],"collection":[{"href":"https:\/\/blogdorogeriogomes.com.br\/noticias\/wp-json\/wp\/v2\/posts"}],"about":[{"href":"https:\/\/blogdorogeriogomes.com.br\/noticias\/wp-json\/wp\/v2\/types\/post"}],"author":[{"embeddable":true,"href":"https:\/\/blogdorogeriogomes.com.br\/noticias\/wp-json\/wp\/v2\/users\/1"}],"replies":[{"embeddable":true,"href":"https:\/\/blogdorogeriogomes.com.br\/noticias\/wp-json\/wp\/v2\/comments?post=12454"}],"version-history":[{"count":1,"href":"https:\/\/blogdorogeriogomes.com.br\/noticias\/wp-json\/wp\/v2\/posts\/12454\/revisions"}],"predecessor-version":[{"id":12456,"href":"https:\/\/blogdorogeriogomes.com.br\/noticias\/wp-json\/wp\/v2\/posts\/12454\/revisions\/12456"}],"wp:attachment":[{"href":"https:\/\/blogdorogeriogomes.com.br\/noticias\/wp-json\/wp\/v2\/media?parent=12454"}],"wp:term":[{"taxonomy":"category","embeddable":true,"href":"https:\/\/blogdorogeriogomes.com.br\/noticias\/wp-json\/wp\/v2\/categories?post=12454"},{"taxonomy":"post_tag","embeddable":true,"href":"https:\/\/blogdorogeriogomes.com.br\/noticias\/wp-json\/wp\/v2\/tags?post=12454"}],"curies":[{"name":"wp","href":"https:\/\/api.w.org\/{rel}","templated":true}]}}