{"id":12457,"date":"2019-04-13T09:59:40","date_gmt":"2019-04-13T09:59:40","guid":{"rendered":"http:\/\/blogdorogeriogomes.com.br\/?p=12457"},"modified":"2019-04-13T09:59:40","modified_gmt":"2019-04-13T09:59:40","slug":"julgamento-de-habeas-corpus-de-lula-sera-feito-em-sessao-presencial-no-stf","status":"publish","type":"post","link":"https:\/\/blogdorogeriogomes.com.br\/noticias\/2019\/04\/julgamento-de-habeas-corpus-de-lula-sera-feito-em-sessao-presencial-no-stf\/","title":{"rendered":"Julgamento de habeas corpus de Lula ser\u00e1 feito em sess\u00e3o presencial no STF"},"content":{"rendered":"<p><img loading=\"lazy\" decoding=\"async\" class=\"alignnone size-medium wp-image-12458\" src=\"http:\/\/blogdorogeriogomes.com.br\/wp-content\/uploads\/2019\/04\/IMG_20190413_065511_367-300x204.jpg\" alt=\"IMG_20190413_065511_367\" width=\"300\" height=\"204\" srcset=\"https:\/\/blogdorogeriogomes.com.br\/noticias\/wp-content\/uploads\/2019\/04\/IMG_20190413_065511_367-300x204.jpg 300w, https:\/\/blogdorogeriogomes.com.br\/noticias\/wp-content\/uploads\/2019\/04\/IMG_20190413_065511_367.jpg 642w\" sizes=\"auto, (max-width: 300px) 100vw, 300px\" \/><\/p>\n<p>O ministro Gilmar Mendes, do STF (Supremo Tribunal Federal), pediu destaque no julgamento de um habeas corpus para o ex-presidente Luiz In\u00e1cio Lula da Silva que come\u00e7ara a ser realizado no plen\u00e1rio virtual da Segunda Turma. Com o pedido de destaque, o caso ser\u00e1 levado \u00e0 sess\u00e3o presencial do colegiado. Ainda n\u00e3o h\u00e1 data.<\/p>\n<p>A Segunda Turma do STF \u00e9 formada pelos ministros Gilmar, Celso de Mello, Ricardo Lewandowski, C\u00e1rmen L\u00facia e Edson Fachin, relator do habeas corpus. O pedido de destaque \u00e9 desta sexta-feira (12).<\/p>\n<p>A defesa de Lula pediu ao Supremo um habeas corpus contra decis\u00e3o monocr\u00e1tica (individual) do ministro Felix Fischer, do STJ (Superior Tribunal de Justi\u00e7a), que negou prosseguimento ao recurso do petista naquela corte. O recurso tenta reverter a condena\u00e7\u00e3o no caso do tr\u00edplex de Guaruj\u00e1 (SP).<\/p>\n","protected":false},"excerpt":{"rendered":"<p>O ministro Gilmar Mendes, do STF (Supremo Tribunal Federal), pediu destaque no julgamento de um habeas corpus para o ex-presidente Luiz In\u00e1cio Lula da Silva que come\u00e7ara a ser realizado no plen\u00e1rio virtual da Segunda Turma. Com o pedido de destaque, o caso ser\u00e1 levado \u00e0 sess\u00e3o presencial do colegiado. Ainda n\u00e3o h\u00e1 data. A Segunda Turma do STF \u00e9 formada pelos ministros Gilmar, Celso de Mello, Ricardo Lewandowski, C\u00e1rmen L\u00facia e Edson Fachin, relator do habeas corpus. O&hellip;<\/p>\n","protected":false},"author":1,"featured_media":0,"comment_status":"open","ping_status":"open","sticky":false,"template":"","format":"standard","meta":{"footnotes":""},"categories":[1],"tags":[],"class_list":["post-12457","post","type-post","status-publish","format-standard","hentry","category-noticias"],"_links":{"self":[{"href":"https:\/\/blogdorogeriogomes.com.br\/noticias\/wp-json\/wp\/v2\/posts\/12457","targetHints":{"allow":["GET"]}}],"collection":[{"href":"https:\/\/blogdorogeriogomes.com.br\/noticias\/wp-json\/wp\/v2\/posts"}],"about":[{"href":"https:\/\/blogdorogeriogomes.com.br\/noticias\/wp-json\/wp\/v2\/types\/post"}],"author":[{"embeddable":true,"href":"https:\/\/blogdorogeriogomes.com.br\/noticias\/wp-json\/wp\/v2\/users\/1"}],"replies":[{"embeddable":true,"href":"https:\/\/blogdorogeriogomes.com.br\/noticias\/wp-json\/wp\/v2\/comments?post=12457"}],"version-history":[{"count":1,"href":"https:\/\/blogdorogeriogomes.com.br\/noticias\/wp-json\/wp\/v2\/posts\/12457\/revisions"}],"predecessor-version":[{"id":12459,"href":"https:\/\/blogdorogeriogomes.com.br\/noticias\/wp-json\/wp\/v2\/posts\/12457\/revisions\/12459"}],"wp:attachment":[{"href":"https:\/\/blogdorogeriogomes.com.br\/noticias\/wp-json\/wp\/v2\/media?parent=12457"}],"wp:term":[{"taxonomy":"category","embeddable":true,"href":"https:\/\/blogdorogeriogomes.com.br\/noticias\/wp-json\/wp\/v2\/categories?post=12457"},{"taxonomy":"post_tag","embeddable":true,"href":"https:\/\/blogdorogeriogomes.com.br\/noticias\/wp-json\/wp\/v2\/tags?post=12457"}],"curies":[{"name":"wp","href":"https:\/\/api.w.org\/{rel}","templated":true}]}}