{"id":12463,"date":"2019-04-15T08:50:25","date_gmt":"2019-04-15T08:50:25","guid":{"rendered":"http:\/\/blogdorogeriogomes.com.br\/?p=12463"},"modified":"2019-04-15T08:50:25","modified_gmt":"2019-04-15T08:50:25","slug":"queda-de-investimentos-reduz-atendimento-do-programa-farmacia-popular","status":"publish","type":"post","link":"https:\/\/blogdorogeriogomes.com.br\/noticias\/2019\/04\/queda-de-investimentos-reduz-atendimento-do-programa-farmacia-popular\/","title":{"rendered":"Queda de investimentos reduz atendimento do Programa Farm\u00e1cia Popular"},"content":{"rendered":"<p><img loading=\"lazy\" decoding=\"async\" class=\"alignnone size-medium wp-image-12464\" src=\"http:\/\/blogdorogeriogomes.com.br\/wp-content\/uploads\/2019\/04\/IMG_20190415_054557_849-300x188.jpg\" alt=\"IMG_20190415_054557_849\" width=\"300\" height=\"188\" srcset=\"https:\/\/blogdorogeriogomes.com.br\/noticias\/wp-content\/uploads\/2019\/04\/IMG_20190415_054557_849-300x188.jpg 300w, https:\/\/blogdorogeriogomes.com.br\/noticias\/wp-content\/uploads\/2019\/04\/IMG_20190415_054557_849.jpg 360w\" sizes=\"auto, (max-width: 300px) 100vw, 300px\" \/><\/p>\n<p>Com gastos 27% menores desde 2015, o programa Farm\u00e1cia Popular deixou de atender cerca de 7 milh\u00f5es de pessoas nos \u00faltimos dois anos, segundo levantamento da Rep\u00f3rter Brasil junto ao Minist\u00e9rio da Sa\u00fade e a Fiocruz. Os n\u00fameros refletem o fechamento, em 2017, de 400 farm\u00e1cias p\u00fablicas administradas pelo governo federal, al\u00e9m da queda na distribui\u00e7\u00e3o dos medicamentos pelas farm\u00e1cias privadas conveniadas. Com o menor or\u00e7amento em seis anos, o programa est\u00e1 sem coordenador desde setembro e n\u00e3o tem perspectiva de ser ampliado pela atual gest\u00e3o.<br \/>\nCriado em 2004, o Farm\u00e1cia Popular distribui medicamentos b\u00e1sicos gratuitamente, por meio de 31 mil farm\u00e1cias privadas conveniadas, para hipertens\u00e3o, diabetes e asma. Rem\u00e9dios para controle de colesterol, rinite, Parkinson, osteoporose e glaucoma, al\u00e9m de fraldas geri\u00e1tricas e anticoncepcionais, s\u00e3o vendidos com 90% de desconto.<br \/>\nO programa contava, at\u00e9 2017, com 400 farm\u00e1cias federais em cidades e bairros de baixa renda. Fechadas na gest\u00e3o do ex-presidente Michel Temer, essas unidades vendiam outros 77 medicamentos com desconto e atendiam ao menos 6 milh\u00f5es de pessoas anualmente.<br \/>\n\u00c0 \u00e9poca, o Minist\u00e9rio da Sa\u00fade justificou que 80% dos R$ 100 milh\u00f5es gastos com a rede pr\u00f3pria correspondiam a custos administrativos, e n\u00e3o a medicamentos. Mas ao inv\u00e9s de ampliar o servi\u00e7o nas farm\u00e1cias conveniadas, houve redu\u00e7\u00e3o de 1 milh\u00e3o de pessoas atendidas em 2018 nessa vertente. Somando os dois bra\u00e7os do programa, o n\u00famero de pessoas atendidas caiu de 28,8 milh\u00f5es, em 2016, para 21,6 milh\u00f5es no ano passado.<\/p>\n","protected":false},"excerpt":{"rendered":"<p>Com gastos 27% menores desde 2015, o programa Farm\u00e1cia Popular deixou de atender cerca de 7 milh\u00f5es de pessoas nos \u00faltimos dois anos, segundo levantamento da Rep\u00f3rter Brasil junto ao Minist\u00e9rio da Sa\u00fade e a Fiocruz. Os n\u00fameros refletem o fechamento, em 2017, de 400 farm\u00e1cias p\u00fablicas administradas pelo governo federal, al\u00e9m da queda na distribui\u00e7\u00e3o dos medicamentos pelas farm\u00e1cias privadas conveniadas. Com o menor or\u00e7amento em seis anos, o programa est\u00e1 sem coordenador desde setembro e n\u00e3o tem&hellip;<\/p>\n","protected":false},"author":1,"featured_media":0,"comment_status":"open","ping_status":"open","sticky":false,"template":"","format":"standard","meta":{"footnotes":""},"categories":[1],"tags":[],"class_list":["post-12463","post","type-post","status-publish","format-standard","hentry","category-noticias"],"_links":{"self":[{"href":"https:\/\/blogdorogeriogomes.com.br\/noticias\/wp-json\/wp\/v2\/posts\/12463","targetHints":{"allow":["GET"]}}],"collection":[{"href":"https:\/\/blogdorogeriogomes.com.br\/noticias\/wp-json\/wp\/v2\/posts"}],"about":[{"href":"https:\/\/blogdorogeriogomes.com.br\/noticias\/wp-json\/wp\/v2\/types\/post"}],"author":[{"embeddable":true,"href":"https:\/\/blogdorogeriogomes.com.br\/noticias\/wp-json\/wp\/v2\/users\/1"}],"replies":[{"embeddable":true,"href":"https:\/\/blogdorogeriogomes.com.br\/noticias\/wp-json\/wp\/v2\/comments?post=12463"}],"version-history":[{"count":1,"href":"https:\/\/blogdorogeriogomes.com.br\/noticias\/wp-json\/wp\/v2\/posts\/12463\/revisions"}],"predecessor-version":[{"id":12465,"href":"https:\/\/blogdorogeriogomes.com.br\/noticias\/wp-json\/wp\/v2\/posts\/12463\/revisions\/12465"}],"wp:attachment":[{"href":"https:\/\/blogdorogeriogomes.com.br\/noticias\/wp-json\/wp\/v2\/media?parent=12463"}],"wp:term":[{"taxonomy":"category","embeddable":true,"href":"https:\/\/blogdorogeriogomes.com.br\/noticias\/wp-json\/wp\/v2\/categories?post=12463"},{"taxonomy":"post_tag","embeddable":true,"href":"https:\/\/blogdorogeriogomes.com.br\/noticias\/wp-json\/wp\/v2\/tags?post=12463"}],"curies":[{"name":"wp","href":"https:\/\/api.w.org\/{rel}","templated":true}]}}