{"id":12466,"date":"2019-04-15T09:05:29","date_gmt":"2019-04-15T09:05:29","guid":{"rendered":"http:\/\/blogdorogeriogomes.com.br\/?p=12466"},"modified":"2019-04-15T09:05:29","modified_gmt":"2019-04-15T09:05:29","slug":"ccj-da-camara-tenta-priorizar-a-reforma-da-previdencia-esta-semana","status":"publish","type":"post","link":"https:\/\/blogdorogeriogomes.com.br\/noticias\/2019\/04\/ccj-da-camara-tenta-priorizar-a-reforma-da-previdencia-esta-semana\/","title":{"rendered":"CCJ da C\u00e2mara tenta priorizar a Reforma da Previd\u00eancia esta semana"},"content":{"rendered":"<p><img loading=\"lazy\" decoding=\"async\" class=\"alignnone size-medium wp-image-12467\" src=\"http:\/\/blogdorogeriogomes.com.br\/wp-content\/uploads\/2019\/04\/IMG_20190415_060244_086-300x199.jpg\" alt=\"IMG_20190415_060244_086\" width=\"300\" height=\"199\" srcset=\"https:\/\/blogdorogeriogomes.com.br\/noticias\/wp-content\/uploads\/2019\/04\/IMG_20190415_060244_086-300x199.jpg 300w, https:\/\/blogdorogeriogomes.com.br\/noticias\/wp-content\/uploads\/2019\/04\/IMG_20190415_060244_086-768x511.jpg 768w, https:\/\/blogdorogeriogomes.com.br\/noticias\/wp-content\/uploads\/2019\/04\/IMG_20190415_060244_086.jpg 880w\" sizes=\"auto, (max-width: 300px) 100vw, 300px\" \/><\/p>\n<p>Em meio \u00e0s tentativas do Governo Federal em organizar uma base de apoio, a Comiss\u00e3o de Constitui\u00e7\u00e3o e Justi\u00e7a e de Cidadania (CCJ) da C\u00e2mara dos Deputados deve priorizar a discuss\u00e3o da reforma da Previd\u00eancia esta semana. A proposta \u00e9 o primeiro item da pauta e a previs\u00e3o \u00e9 iniciar a discuss\u00e3o da mat\u00e9ria nesta segunda-feira, dia 15 de abril.<br \/>\nO que pode atrapalhar a discuss\u00e3o da mat\u00e9ria \u00e9 uma poss\u00edvel vota\u00e7\u00e3o da PEC do Or\u00e7amento impositivo, que poderia ser apresentada em pedido para invers\u00e3o da pauta, mas a reforma continuaria sendo priori\u00e1ria, diz o presidente do Colegiado, Felipe Francischini (PSL\/PR).<\/p>\n<p>O problema \u00e9 que nem os apoiadores do presidente Jair Bolsonaro se entendem. O l\u00edder do PSL na C\u00e2mara, deputado Delegado Waldir teceu duras cr\u00edticas ao governo em entrevista ao Jornal O Estado de S. Paulo, o que tumultua ainda mais o ambiente na C\u00e2mara. Segundo ele, o governo n\u00e3o tem mais do que &#8220;100 votos&#8221; na Reforma e que, caso ela seja aprovada, o m\u00e9rito \u00e9 de Rodrigo Maia, que virou um &#8220;primeiro ministro&#8221;.<\/p>\n","protected":false},"excerpt":{"rendered":"<p>Em meio \u00e0s tentativas do Governo Federal em organizar uma base de apoio, a Comiss\u00e3o de Constitui\u00e7\u00e3o e Justi\u00e7a e de Cidadania (CCJ) da C\u00e2mara dos Deputados deve priorizar a discuss\u00e3o da reforma da Previd\u00eancia esta semana. A proposta \u00e9 o primeiro item da pauta e a previs\u00e3o \u00e9 iniciar a discuss\u00e3o da mat\u00e9ria nesta segunda-feira, dia 15 de abril. O que pode atrapalhar a discuss\u00e3o da mat\u00e9ria \u00e9 uma poss\u00edvel vota\u00e7\u00e3o da PEC do Or\u00e7amento impositivo, que poderia&hellip;<\/p>\n","protected":false},"author":1,"featured_media":0,"comment_status":"open","ping_status":"open","sticky":false,"template":"","format":"standard","meta":{"footnotes":""},"categories":[1],"tags":[],"class_list":["post-12466","post","type-post","status-publish","format-standard","hentry","category-noticias"],"_links":{"self":[{"href":"https:\/\/blogdorogeriogomes.com.br\/noticias\/wp-json\/wp\/v2\/posts\/12466","targetHints":{"allow":["GET"]}}],"collection":[{"href":"https:\/\/blogdorogeriogomes.com.br\/noticias\/wp-json\/wp\/v2\/posts"}],"about":[{"href":"https:\/\/blogdorogeriogomes.com.br\/noticias\/wp-json\/wp\/v2\/types\/post"}],"author":[{"embeddable":true,"href":"https:\/\/blogdorogeriogomes.com.br\/noticias\/wp-json\/wp\/v2\/users\/1"}],"replies":[{"embeddable":true,"href":"https:\/\/blogdorogeriogomes.com.br\/noticias\/wp-json\/wp\/v2\/comments?post=12466"}],"version-history":[{"count":1,"href":"https:\/\/blogdorogeriogomes.com.br\/noticias\/wp-json\/wp\/v2\/posts\/12466\/revisions"}],"predecessor-version":[{"id":12468,"href":"https:\/\/blogdorogeriogomes.com.br\/noticias\/wp-json\/wp\/v2\/posts\/12466\/revisions\/12468"}],"wp:attachment":[{"href":"https:\/\/blogdorogeriogomes.com.br\/noticias\/wp-json\/wp\/v2\/media?parent=12466"}],"wp:term":[{"taxonomy":"category","embeddable":true,"href":"https:\/\/blogdorogeriogomes.com.br\/noticias\/wp-json\/wp\/v2\/categories?post=12466"},{"taxonomy":"post_tag","embeddable":true,"href":"https:\/\/blogdorogeriogomes.com.br\/noticias\/wp-json\/wp\/v2\/tags?post=12466"}],"curies":[{"name":"wp","href":"https:\/\/api.w.org\/{rel}","templated":true}]}}