{"id":12469,"date":"2019-04-15T09:25:00","date_gmt":"2019-04-15T09:25:00","guid":{"rendered":"http:\/\/blogdorogeriogomes.com.br\/?p=12469"},"modified":"2019-04-15T09:25:00","modified_gmt":"2019-04-15T09:25:00","slug":"chuvas-causam-estragos-em-fortaleza-e-devem-permanecer-no-centro-norte-do-estado","status":"publish","type":"post","link":"https:\/\/blogdorogeriogomes.com.br\/noticias\/2019\/04\/chuvas-causam-estragos-em-fortaleza-e-devem-permanecer-no-centro-norte-do-estado\/","title":{"rendered":"Chuvas causam estragos em Fortaleza e devem permanecer no Centro-Norte do Estado"},"content":{"rendered":"<p><img loading=\"lazy\" decoding=\"async\" class=\"alignnone size-medium wp-image-12470\" src=\"http:\/\/blogdorogeriogomes.com.br\/wp-content\/uploads\/2019\/04\/IMG_20190415_062211_952-300x222.jpg\" alt=\"IMG_20190415_062211_952\" width=\"300\" height=\"222\" srcset=\"https:\/\/blogdorogeriogomes.com.br\/noticias\/wp-content\/uploads\/2019\/04\/IMG_20190415_062211_952-300x222.jpg 300w, https:\/\/blogdorogeriogomes.com.br\/noticias\/wp-content\/uploads\/2019\/04\/IMG_20190415_062211_952-768x567.jpg 768w, https:\/\/blogdorogeriogomes.com.br\/noticias\/wp-content\/uploads\/2019\/04\/IMG_20190415_062211_952.jpg 984w\" sizes=\"auto, (max-width: 300px) 100vw, 300px\" \/><\/p>\n<p>A Funceme prev\u00ea para esta segunda-feira, dia 15 de abril, nebulosidade vari\u00e1vel com eventos de chuva no Centro-Norte do Cear\u00e1. Na Regi\u00e3o do Cariri, h\u00e1 possibilidade de chuva. O domingo, dia 14, foi de precipita\u00e7\u00f5es na Capital como registro de v\u00e1rios pontos de alagamento.<br \/>\nEm Fortaleza choveu 49 mil\u00edmetros. Entre as 7h de s\u00e1bado, dia 13, e a manh\u00e3 deste domingo, dia 14, os dados parciais da Funceme apontaram precipita\u00e7\u00f5es em pelo menos 73 munic\u00edpios cearenses.<br \/>\nA cidade de Acara\u00fa, no Litoral Oeste, teve a maior chuva do per\u00edodo, com 70 mil\u00edmetros, seguida de Paracuru (61 mil\u00edmetros) e V\u00e1rzea Alegre (46,4 mil\u00edmetros).<\/p>\n","protected":false},"excerpt":{"rendered":"<p>A Funceme prev\u00ea para esta segunda-feira, dia 15 de abril, nebulosidade vari\u00e1vel com eventos de chuva no Centro-Norte do Cear\u00e1. Na Regi\u00e3o do Cariri, h\u00e1 possibilidade de chuva. O domingo, dia 14, foi de precipita\u00e7\u00f5es na Capital como registro de v\u00e1rios pontos de alagamento. Em Fortaleza choveu 49 mil\u00edmetros. Entre as 7h de s\u00e1bado, dia 13, e a manh\u00e3 deste domingo, dia 14, os dados parciais da Funceme apontaram precipita\u00e7\u00f5es em pelo menos 73 munic\u00edpios cearenses. A cidade de&hellip;<\/p>\n","protected":false},"author":1,"featured_media":0,"comment_status":"open","ping_status":"open","sticky":false,"template":"","format":"standard","meta":{"footnotes":""},"categories":[1],"tags":[],"class_list":["post-12469","post","type-post","status-publish","format-standard","hentry","category-noticias"],"_links":{"self":[{"href":"https:\/\/blogdorogeriogomes.com.br\/noticias\/wp-json\/wp\/v2\/posts\/12469","targetHints":{"allow":["GET"]}}],"collection":[{"href":"https:\/\/blogdorogeriogomes.com.br\/noticias\/wp-json\/wp\/v2\/posts"}],"about":[{"href":"https:\/\/blogdorogeriogomes.com.br\/noticias\/wp-json\/wp\/v2\/types\/post"}],"author":[{"embeddable":true,"href":"https:\/\/blogdorogeriogomes.com.br\/noticias\/wp-json\/wp\/v2\/users\/1"}],"replies":[{"embeddable":true,"href":"https:\/\/blogdorogeriogomes.com.br\/noticias\/wp-json\/wp\/v2\/comments?post=12469"}],"version-history":[{"count":1,"href":"https:\/\/blogdorogeriogomes.com.br\/noticias\/wp-json\/wp\/v2\/posts\/12469\/revisions"}],"predecessor-version":[{"id":12471,"href":"https:\/\/blogdorogeriogomes.com.br\/noticias\/wp-json\/wp\/v2\/posts\/12469\/revisions\/12471"}],"wp:attachment":[{"href":"https:\/\/blogdorogeriogomes.com.br\/noticias\/wp-json\/wp\/v2\/media?parent=12469"}],"wp:term":[{"taxonomy":"category","embeddable":true,"href":"https:\/\/blogdorogeriogomes.com.br\/noticias\/wp-json\/wp\/v2\/categories?post=12469"},{"taxonomy":"post_tag","embeddable":true,"href":"https:\/\/blogdorogeriogomes.com.br\/noticias\/wp-json\/wp\/v2\/tags?post=12469"}],"curies":[{"name":"wp","href":"https:\/\/api.w.org\/{rel}","templated":true}]}}