{"id":12472,"date":"2019-04-15T09:28:06","date_gmt":"2019-04-15T09:28:06","guid":{"rendered":"http:\/\/blogdorogeriogomes.com.br\/?p=12472"},"modified":"2019-04-15T09:28:06","modified_gmt":"2019-04-15T09:28:06","slug":"trairi-e-o-42-municipio-do-ceara-a-receber-o-reforco-do-batalhao-raio-da-pm","status":"publish","type":"post","link":"https:\/\/blogdorogeriogomes.com.br\/noticias\/2019\/04\/trairi-e-o-42-municipio-do-ceara-a-receber-o-reforco-do-batalhao-raio-da-pm\/","title":{"rendered":"Trairi \u00e9 o 42\u00b0 munic\u00edpio do Cear\u00e1 a receber o refor\u00e7o do Batalh\u00e3o Raio da PM"},"content":{"rendered":"<p><img loading=\"lazy\" decoding=\"async\" class=\"alignnone size-medium wp-image-12473\" src=\"http:\/\/blogdorogeriogomes.com.br\/wp-content\/uploads\/2019\/04\/IMG_20190415_061201_713-300x212.jpg\" alt=\"IMG_20190415_061201_713\" width=\"300\" height=\"212\" srcset=\"https:\/\/blogdorogeriogomes.com.br\/noticias\/wp-content\/uploads\/2019\/04\/IMG_20190415_061201_713-300x212.jpg 300w, https:\/\/blogdorogeriogomes.com.br\/noticias\/wp-content\/uploads\/2019\/04\/IMG_20190415_061201_713-768x543.jpg 768w, https:\/\/blogdorogeriogomes.com.br\/noticias\/wp-content\/uploads\/2019\/04\/IMG_20190415_061201_713-1024x724.jpg 1024w, https:\/\/blogdorogeriogomes.com.br\/noticias\/wp-content\/uploads\/2019\/04\/IMG_20190415_061201_713.jpg 1133w\" sizes=\"auto, (max-width: 300px) 100vw, 300px\" \/><\/p>\n<p>A popula\u00e7\u00e3o de Trairi passou a ser beneficiada com a implanta\u00e7\u00e3o do Comando de Policiamento de Rondas e A\u00e7\u00f5es Intensivas e Ostensivas (CPRaio) e com a integra\u00e7\u00e3o do munic\u00edpio ao sistema de videomonitoramento do Estado. A novidade foi celebrada em evento no Centro da cidade, com presen\u00e7a do governador Camilo Santana e do secret\u00e1rio da Seguran\u00e7a P\u00fablica e Defesa Social, Andr\u00e9 Costa. O munic\u00edpio da RMF ter\u00e1 agora o refor\u00e7o de 37 policiais especialistas no trabalho ostensivo.<br \/>\nNo cronograma de expans\u00e3o das for\u00e7as especiais da Pol\u00edcia Militar no interior do Estado, o munic\u00edpio \u00e9 o 42\u00ba a receber unidade do CPRaio \u2013 s\u00e3o cerca de 2.400 policiais militares. Trairi agora tamb\u00e9m est\u00e1 entre as 44 cidades cearenses com o sistema de c\u00e2meras integradas \u00e0 Coordenadoria Integrada de Opera\u00e7\u00f5es de Seguran\u00e7a (Ciops).<\/p>\n","protected":false},"excerpt":{"rendered":"<p>A popula\u00e7\u00e3o de Trairi passou a ser beneficiada com a implanta\u00e7\u00e3o do Comando de Policiamento de Rondas e A\u00e7\u00f5es Intensivas e Ostensivas (CPRaio) e com a integra\u00e7\u00e3o do munic\u00edpio ao sistema de videomonitoramento do Estado. A novidade foi celebrada em evento no Centro da cidade, com presen\u00e7a do governador Camilo Santana e do secret\u00e1rio da Seguran\u00e7a P\u00fablica e Defesa Social, Andr\u00e9 Costa. O munic\u00edpio da RMF ter\u00e1 agora o refor\u00e7o de 37 policiais especialistas no trabalho ostensivo. No cronograma&hellip;<\/p>\n","protected":false},"author":1,"featured_media":0,"comment_status":"open","ping_status":"open","sticky":false,"template":"","format":"standard","meta":{"footnotes":""},"categories":[1],"tags":[],"class_list":["post-12472","post","type-post","status-publish","format-standard","hentry","category-noticias"],"_links":{"self":[{"href":"https:\/\/blogdorogeriogomes.com.br\/noticias\/wp-json\/wp\/v2\/posts\/12472","targetHints":{"allow":["GET"]}}],"collection":[{"href":"https:\/\/blogdorogeriogomes.com.br\/noticias\/wp-json\/wp\/v2\/posts"}],"about":[{"href":"https:\/\/blogdorogeriogomes.com.br\/noticias\/wp-json\/wp\/v2\/types\/post"}],"author":[{"embeddable":true,"href":"https:\/\/blogdorogeriogomes.com.br\/noticias\/wp-json\/wp\/v2\/users\/1"}],"replies":[{"embeddable":true,"href":"https:\/\/blogdorogeriogomes.com.br\/noticias\/wp-json\/wp\/v2\/comments?post=12472"}],"version-history":[{"count":1,"href":"https:\/\/blogdorogeriogomes.com.br\/noticias\/wp-json\/wp\/v2\/posts\/12472\/revisions"}],"predecessor-version":[{"id":12474,"href":"https:\/\/blogdorogeriogomes.com.br\/noticias\/wp-json\/wp\/v2\/posts\/12472\/revisions\/12474"}],"wp:attachment":[{"href":"https:\/\/blogdorogeriogomes.com.br\/noticias\/wp-json\/wp\/v2\/media?parent=12472"}],"wp:term":[{"taxonomy":"category","embeddable":true,"href":"https:\/\/blogdorogeriogomes.com.br\/noticias\/wp-json\/wp\/v2\/categories?post=12472"},{"taxonomy":"post_tag","embeddable":true,"href":"https:\/\/blogdorogeriogomes.com.br\/noticias\/wp-json\/wp\/v2\/tags?post=12472"}],"curies":[{"name":"wp","href":"https:\/\/api.w.org\/{rel}","templated":true}]}}