{"id":12475,"date":"2019-04-15T22:12:10","date_gmt":"2019-04-15T22:12:10","guid":{"rendered":"http:\/\/blogdorogeriogomes.com.br\/?p=12475"},"modified":"2019-04-15T22:12:10","modified_gmt":"2019-04-15T22:12:10","slug":"bolsonaro-propoe-fim-da-politica-de-valorizacao-do-salario-minimo","status":"publish","type":"post","link":"https:\/\/blogdorogeriogomes.com.br\/noticias\/2019\/04\/bolsonaro-propoe-fim-da-politica-de-valorizacao-do-salario-minimo\/","title":{"rendered":"Bolsonaro prop\u00f5e fim da pol\u00edtica de valoriza\u00e7\u00e3o do sal\u00e1rio m\u00ednimo"},"content":{"rendered":"<p><img loading=\"lazy\" decoding=\"async\" class=\"alignnone size-medium wp-image-12476\" src=\"http:\/\/blogdorogeriogomes.com.br\/wp-content\/uploads\/2019\/04\/IMG_20190415_190731_513-300x200.jpg\" alt=\"IMG_20190415_190731_513\" width=\"300\" height=\"200\" srcset=\"https:\/\/blogdorogeriogomes.com.br\/noticias\/wp-content\/uploads\/2019\/04\/IMG_20190415_190731_513-300x200.jpg 300w, https:\/\/blogdorogeriogomes.com.br\/noticias\/wp-content\/uploads\/2019\/04\/IMG_20190415_190731_513.jpg 600w\" sizes=\"auto, (max-width: 300px) 100vw, 300px\" \/><\/p>\n<p>O governo do presidente Jair Bolsonaro prop\u00f4s nesta segunda-feira, dia 15 de abril, que o sal\u00e1rio m\u00ednimo seja corrigido apenas pela infla\u00e7\u00e3o em 2020. Na pr\u00e1tica, a medida, que depende de aval do Congresso Nacional, encerra a pol\u00edtica que permitia ganhos reais aos trabalhadores, implementada nas gest\u00f5es do PT e em vigor at\u00e9 este ano.<br \/>\nA proposta que tra\u00e7a as diretrizes para o Or\u00e7amento do ano que vem, enviada nesta segunda-feira ao Legislativo, prev\u00ea que o piso de sal\u00e1rios no Brasil ser\u00e1 de R$ 1.040 a partir de janeiro de 2020, o que representa uma corre\u00e7\u00e3o de 4,2% referente \u00e0 estimativa para a varia\u00e7\u00e3o da infla\u00e7\u00e3o. Hoje, o valor est\u00e1 em R$ 998.<\/p>\n<p>A pol\u00edtica de valoriza\u00e7\u00e3o do sal\u00e1rio m\u00ednimo foi implementada no governo Lula (PT) e transformada em lei por sua sucessora Dilma Rousseff (PT). A regra, entretanto, teve validade encerrada em janeiro deste ano.<br \/>\nA decis\u00e3o de acabar com os ganhos acima da infla\u00e7\u00e3o est\u00e1 em linha com uma das bandeiras do ministro da Economia, Paulo Guedes, que defende uma ampla desvincula\u00e7\u00e3o do Or\u00e7amento.<\/p>\n","protected":false},"excerpt":{"rendered":"<p>O governo do presidente Jair Bolsonaro prop\u00f4s nesta segunda-feira, dia 15 de abril, que o sal\u00e1rio m\u00ednimo seja corrigido apenas pela infla\u00e7\u00e3o em 2020. Na pr\u00e1tica, a medida, que depende de aval do Congresso Nacional, encerra a pol\u00edtica que permitia ganhos reais aos trabalhadores, implementada nas gest\u00f5es do PT e em vigor at\u00e9 este ano. A proposta que tra\u00e7a as diretrizes para o Or\u00e7amento do ano que vem, enviada nesta segunda-feira ao Legislativo, prev\u00ea que o piso de sal\u00e1rios&hellip;<\/p>\n","protected":false},"author":1,"featured_media":0,"comment_status":"open","ping_status":"open","sticky":false,"template":"","format":"standard","meta":{"footnotes":""},"categories":[1],"tags":[],"class_list":["post-12475","post","type-post","status-publish","format-standard","hentry","category-noticias"],"_links":{"self":[{"href":"https:\/\/blogdorogeriogomes.com.br\/noticias\/wp-json\/wp\/v2\/posts\/12475","targetHints":{"allow":["GET"]}}],"collection":[{"href":"https:\/\/blogdorogeriogomes.com.br\/noticias\/wp-json\/wp\/v2\/posts"}],"about":[{"href":"https:\/\/blogdorogeriogomes.com.br\/noticias\/wp-json\/wp\/v2\/types\/post"}],"author":[{"embeddable":true,"href":"https:\/\/blogdorogeriogomes.com.br\/noticias\/wp-json\/wp\/v2\/users\/1"}],"replies":[{"embeddable":true,"href":"https:\/\/blogdorogeriogomes.com.br\/noticias\/wp-json\/wp\/v2\/comments?post=12475"}],"version-history":[{"count":1,"href":"https:\/\/blogdorogeriogomes.com.br\/noticias\/wp-json\/wp\/v2\/posts\/12475\/revisions"}],"predecessor-version":[{"id":12477,"href":"https:\/\/blogdorogeriogomes.com.br\/noticias\/wp-json\/wp\/v2\/posts\/12475\/revisions\/12477"}],"wp:attachment":[{"href":"https:\/\/blogdorogeriogomes.com.br\/noticias\/wp-json\/wp\/v2\/media?parent=12475"}],"wp:term":[{"taxonomy":"category","embeddable":true,"href":"https:\/\/blogdorogeriogomes.com.br\/noticias\/wp-json\/wp\/v2\/categories?post=12475"},{"taxonomy":"post_tag","embeddable":true,"href":"https:\/\/blogdorogeriogomes.com.br\/noticias\/wp-json\/wp\/v2\/tags?post=12475"}],"curies":[{"name":"wp","href":"https:\/\/api.w.org\/{rel}","templated":true}]}}