{"id":12478,"date":"2019-04-15T22:39:37","date_gmt":"2019-04-15T22:39:37","guid":{"rendered":"http:\/\/blogdorogeriogomes.com.br\/?p=12478"},"modified":"2019-04-15T22:39:37","modified_gmt":"2019-04-15T22:39:37","slug":"secretario-de-administracao-penitenciaria-quer-presos-pagando-por-tornozeleira-eletronica-no-ceara","status":"publish","type":"post","link":"https:\/\/blogdorogeriogomes.com.br\/noticias\/2019\/04\/secretario-de-administracao-penitenciaria-quer-presos-pagando-por-tornozeleira-eletronica-no-ceara\/","title":{"rendered":"Secret\u00e1rio de Administra\u00e7\u00e3o Penitenci\u00e1ria quer presos pagando por tornozeleira eletr\u00f4nica no Cear\u00e1"},"content":{"rendered":"<p><img loading=\"lazy\" decoding=\"async\" class=\"alignnone size-medium wp-image-12479\" src=\"http:\/\/blogdorogeriogomes.com.br\/wp-content\/uploads\/2019\/04\/IMG_20190415_193414_353-300x280.jpg\" alt=\"IMG_20190415_193414_353\" width=\"300\" height=\"280\" srcset=\"https:\/\/blogdorogeriogomes.com.br\/noticias\/wp-content\/uploads\/2019\/04\/IMG_20190415_193414_353-300x280.jpg 300w, https:\/\/blogdorogeriogomes.com.br\/noticias\/wp-content\/uploads\/2019\/04\/IMG_20190415_193414_353-768x716.jpg 768w, https:\/\/blogdorogeriogomes.com.br\/noticias\/wp-content\/uploads\/2019\/04\/IMG_20190415_193414_353-1024x955.jpg 1024w\" sizes=\"auto, (max-width: 300px) 100vw, 300px\" \/><\/p>\n<p>O secret\u00e1rio da Administra\u00e7\u00e3o Penitenci\u00e1ria do Cear\u00e1, Luiz Mauro Albuquerque, confirmou que o Governo do Estado deve enviar \u00e0 Assembleia Legislativa um projeto de lei para que os presos cearenses possam pagar pela pr\u00f3pria tornozeleira eletr\u00f4nica.<br \/>\nA ideia j\u00e1 \u00e9 implementada no Rio Grande do Norte, onde Luiz Mauro Albuquerque j\u00e1 esteve \u00e0 frente da administra\u00e7\u00e3o penitenci\u00e1ria at\u00e9 o ano passado. O objetivo \u00e9 diminuir o gasto do Governo Estadual com a compra do equipamento. Atualmente, 3.762 presos s\u00e3o monitorados por tornozeleira eletr\u00f4nica no Cear\u00e1. 25.500 presos est\u00e3o recolhidos hoje no sistema carcer\u00e1rio do Estado.<br \/>\nNo balan\u00e7o de 100 dias \u00e0 frente da Secretaria de Administra\u00e7\u00e3o Penitenci\u00e1ria, Luiz Mauro diz que a pasta tem investido em rigor no sistema prisional. 4.800 celulares foram apreendidos este ano dentro dos pres\u00eddios cearenses. 98 cadeias p\u00fablicas foram fechadas no interior. Os detentos foram trazidos para unidades da Capital.<br \/>\nA meta do Governo \u00e9 ampliar o n\u00famero de vagas. Quatro novos pres\u00eddios est\u00e3o em constru\u00e7\u00e3o no Estado. S\u00e3o 2.012 novas vagas que estar\u00e3o dispon\u00edveis, incluindo 168 em alas de seguran\u00e7a m\u00e1xima.<\/p>\n","protected":false},"excerpt":{"rendered":"<p>O secret\u00e1rio da Administra\u00e7\u00e3o Penitenci\u00e1ria do Cear\u00e1, Luiz Mauro Albuquerque, confirmou que o Governo do Estado deve enviar \u00e0 Assembleia Legislativa um projeto de lei para que os presos cearenses possam pagar pela pr\u00f3pria tornozeleira eletr\u00f4nica. A ideia j\u00e1 \u00e9 implementada no Rio Grande do Norte, onde Luiz Mauro Albuquerque j\u00e1 esteve \u00e0 frente da administra\u00e7\u00e3o penitenci\u00e1ria at\u00e9 o ano passado. O objetivo \u00e9 diminuir o gasto do Governo Estadual com a compra do equipamento. Atualmente, 3.762 presos s\u00e3o&hellip;<\/p>\n","protected":false},"author":1,"featured_media":0,"comment_status":"open","ping_status":"open","sticky":false,"template":"","format":"standard","meta":{"footnotes":""},"categories":[1],"tags":[],"class_list":["post-12478","post","type-post","status-publish","format-standard","hentry","category-noticias"],"_links":{"self":[{"href":"https:\/\/blogdorogeriogomes.com.br\/noticias\/wp-json\/wp\/v2\/posts\/12478","targetHints":{"allow":["GET"]}}],"collection":[{"href":"https:\/\/blogdorogeriogomes.com.br\/noticias\/wp-json\/wp\/v2\/posts"}],"about":[{"href":"https:\/\/blogdorogeriogomes.com.br\/noticias\/wp-json\/wp\/v2\/types\/post"}],"author":[{"embeddable":true,"href":"https:\/\/blogdorogeriogomes.com.br\/noticias\/wp-json\/wp\/v2\/users\/1"}],"replies":[{"embeddable":true,"href":"https:\/\/blogdorogeriogomes.com.br\/noticias\/wp-json\/wp\/v2\/comments?post=12478"}],"version-history":[{"count":1,"href":"https:\/\/blogdorogeriogomes.com.br\/noticias\/wp-json\/wp\/v2\/posts\/12478\/revisions"}],"predecessor-version":[{"id":12480,"href":"https:\/\/blogdorogeriogomes.com.br\/noticias\/wp-json\/wp\/v2\/posts\/12478\/revisions\/12480"}],"wp:attachment":[{"href":"https:\/\/blogdorogeriogomes.com.br\/noticias\/wp-json\/wp\/v2\/media?parent=12478"}],"wp:term":[{"taxonomy":"category","embeddable":true,"href":"https:\/\/blogdorogeriogomes.com.br\/noticias\/wp-json\/wp\/v2\/categories?post=12478"},{"taxonomy":"post_tag","embeddable":true,"href":"https:\/\/blogdorogeriogomes.com.br\/noticias\/wp-json\/wp\/v2\/tags?post=12478"}],"curies":[{"name":"wp","href":"https:\/\/api.w.org\/{rel}","templated":true}]}}