{"id":12481,"date":"2019-04-16T08:57:02","date_gmt":"2019-04-16T08:57:02","guid":{"rendered":"http:\/\/blogdorogeriogomes.com.br\/?p=12481"},"modified":"2019-04-16T08:57:02","modified_gmt":"2019-04-16T08:57:02","slug":"frente-nordestina-se-reune-em-brasilia-com-presidentes-do-senado-e-da-camara","status":"publish","type":"post","link":"https:\/\/blogdorogeriogomes.com.br\/noticias\/2019\/04\/frente-nordestina-se-reune-em-brasilia-com-presidentes-do-senado-e-da-camara\/","title":{"rendered":"Frente nordestina se re\u00fane em Bras\u00edlia com presidentes do Senado e da C\u00e2mara"},"content":{"rendered":"<p><img loading=\"lazy\" decoding=\"async\" class=\"alignnone size-medium wp-image-12482\" src=\"http:\/\/blogdorogeriogomes.com.br\/wp-content\/uploads\/2019\/04\/IMG_20190416_055340_351-300x217.jpg\" alt=\"IMG_20190416_055340_351\" width=\"300\" height=\"217\" srcset=\"https:\/\/blogdorogeriogomes.com.br\/noticias\/wp-content\/uploads\/2019\/04\/IMG_20190416_055340_351-300x217.jpg 300w, https:\/\/blogdorogeriogomes.com.br\/noticias\/wp-content\/uploads\/2019\/04\/IMG_20190416_055340_351-768x557.jpg 768w, https:\/\/blogdorogeriogomes.com.br\/noticias\/wp-content\/uploads\/2019\/04\/IMG_20190416_055340_351.jpg 941w\" sizes=\"auto, (max-width: 300px) 100vw, 300px\" \/><\/p>\n<p>Uma frente nordestina que re\u00fane parlamentares na defesa da manuten\u00e7\u00e3o do Banco do Nordeste e de outro \u00f3rg\u00e3os, a ParlaNordeste, vai se reunir com os presidentes da C\u00e2mara dos Deputados, Rodrigo Maia (DEM-RJ), e do Senado Federal, Davi Alcolumbre (DEM-AP), nesta ter\u00e7a-feira, dia 16 de abril, em Bras\u00edlia. O presidente da Assembleia Legislativa do Cear\u00e1, Jos\u00e9 Sarto (PDT), \u00e9 tamb\u00e9m secret\u00e1rio-geral do ParlaNordeste e ir\u00e1 participar das reuni\u00f5es. Uma das preocupa\u00e7\u00f5es principais desta frente nordestina \u00e9 uma poss\u00edvel fus\u00e3o do BNB com o Banco Nacional de Desenvolvimento Econ\u00f4mico e Social (BNDES).<br \/>\nAs reivindica\u00e7\u00f5es est\u00e3o descritas na &#8220;Carta de S\u00e3o Lu\u00eds&#8221;, documento expedido no dia 29 de mar\u00e7o, de autoria da ParlaNordeste e que conta com a participa\u00e7\u00e3o dos presidentes das assembleias do Nordeste: Othelino Neto (Maranh\u00e3o), Them\u00edstocles Filho (Piau\u00ed), Adriano Galdino (Para\u00edba), Nelson Leal (Bahia) e Jos\u00e9 Sarto (Cear\u00e1).<\/p>\n","protected":false},"excerpt":{"rendered":"<p>Uma frente nordestina que re\u00fane parlamentares na defesa da manuten\u00e7\u00e3o do Banco do Nordeste e de outro \u00f3rg\u00e3os, a ParlaNordeste, vai se reunir com os presidentes da C\u00e2mara dos Deputados, Rodrigo Maia (DEM-RJ), e do Senado Federal, Davi Alcolumbre (DEM-AP), nesta ter\u00e7a-feira, dia 16 de abril, em Bras\u00edlia. O presidente da Assembleia Legislativa do Cear\u00e1, Jos\u00e9 Sarto (PDT), \u00e9 tamb\u00e9m secret\u00e1rio-geral do ParlaNordeste e ir\u00e1 participar das reuni\u00f5es. Uma das preocupa\u00e7\u00f5es principais desta frente nordestina \u00e9 uma poss\u00edvel fus\u00e3o&hellip;<\/p>\n","protected":false},"author":1,"featured_media":0,"comment_status":"open","ping_status":"open","sticky":false,"template":"","format":"standard","meta":{"footnotes":""},"categories":[1],"tags":[],"class_list":["post-12481","post","type-post","status-publish","format-standard","hentry","category-noticias"],"_links":{"self":[{"href":"https:\/\/blogdorogeriogomes.com.br\/noticias\/wp-json\/wp\/v2\/posts\/12481","targetHints":{"allow":["GET"]}}],"collection":[{"href":"https:\/\/blogdorogeriogomes.com.br\/noticias\/wp-json\/wp\/v2\/posts"}],"about":[{"href":"https:\/\/blogdorogeriogomes.com.br\/noticias\/wp-json\/wp\/v2\/types\/post"}],"author":[{"embeddable":true,"href":"https:\/\/blogdorogeriogomes.com.br\/noticias\/wp-json\/wp\/v2\/users\/1"}],"replies":[{"embeddable":true,"href":"https:\/\/blogdorogeriogomes.com.br\/noticias\/wp-json\/wp\/v2\/comments?post=12481"}],"version-history":[{"count":1,"href":"https:\/\/blogdorogeriogomes.com.br\/noticias\/wp-json\/wp\/v2\/posts\/12481\/revisions"}],"predecessor-version":[{"id":12483,"href":"https:\/\/blogdorogeriogomes.com.br\/noticias\/wp-json\/wp\/v2\/posts\/12481\/revisions\/12483"}],"wp:attachment":[{"href":"https:\/\/blogdorogeriogomes.com.br\/noticias\/wp-json\/wp\/v2\/media?parent=12481"}],"wp:term":[{"taxonomy":"category","embeddable":true,"href":"https:\/\/blogdorogeriogomes.com.br\/noticias\/wp-json\/wp\/v2\/categories?post=12481"},{"taxonomy":"post_tag","embeddable":true,"href":"https:\/\/blogdorogeriogomes.com.br\/noticias\/wp-json\/wp\/v2\/tags?post=12481"}],"curies":[{"name":"wp","href":"https:\/\/api.w.org\/{rel}","templated":true}]}}