{"id":12484,"date":"2019-04-16T09:16:22","date_gmt":"2019-04-16T09:16:22","guid":{"rendered":"http:\/\/blogdorogeriogomes.com.br\/?p=12484"},"modified":"2019-04-16T09:16:22","modified_gmt":"2019-04-16T09:16:22","slug":"angola-cables-inaugura-data-center-nesta-terca-feira-em-fortaleza","status":"publish","type":"post","link":"https:\/\/blogdorogeriogomes.com.br\/noticias\/2019\/04\/angola-cables-inaugura-data-center-nesta-terca-feira-em-fortaleza\/","title":{"rendered":"Angola Cables inaugura Data Center nesta ter\u00e7a-feira em Fortaleza"},"content":{"rendered":"<p><img loading=\"lazy\" decoding=\"async\" class=\"alignnone size-medium wp-image-12485\" src=\"http:\/\/blogdorogeriogomes.com.br\/wp-content\/uploads\/2019\/04\/IMG_20190416_061150_652-300x282.jpg\" alt=\"IMG_20190416_061150_652\" width=\"300\" height=\"282\" srcset=\"https:\/\/blogdorogeriogomes.com.br\/noticias\/wp-content\/uploads\/2019\/04\/IMG_20190416_061150_652-300x282.jpg 300w, https:\/\/blogdorogeriogomes.com.br\/noticias\/wp-content\/uploads\/2019\/04\/IMG_20190416_061150_652.jpg 670w\" sizes=\"auto, (max-width: 300px) 100vw, 300px\" \/><\/p>\n<p>O governador do Cear\u00e1, Camilo Santana, e o prefeito de Fortaleza, Roberto Cl\u00e1udio, participam nesta ter\u00e7a-feira, dia 16 de abril, da inaugura\u00e7\u00e3o do Data Center da empresa Angola Cables. Tamb\u00e9m participam da solenidade o CEO global da empresa, Ant\u00f3nio Nunes, e o ministro das Telecomunica\u00e7\u00f5es e Tecnologias de Informa\u00e7\u00e3o de Angola, Jos\u00e9 Carvalho da Rocha.<br \/>\nA inaugura\u00e7\u00e3o marca a consolida\u00e7\u00e3o do hub tecnol\u00f3gico no Cear\u00e1, que, junto com o hub a\u00e9reo Air France\/KLM\/GOL e com o hub portu\u00e1rio CIPP\/Porto de Roterd\u00e3, formam a chamada trinca de hubs, que inaugura uma nova fase de desenvolvimento no Estado.<br \/>\nO Data Center da Angola Cables conta com \u00e1rea aproximadamente 3 mil m\u00b2 e se conecta ao cabo South Atlantic Cable System (Sacs) e ao sistema Monet, ambos com alta tecnologia de processamento e armazenamento de dados. Todos os cabos que entram no Brasil e na Am\u00e9rica do Sul passam pela Cidade, possibilitando grande grau de atratividade de empresas internacionais da \u00e1rea de tecnologia da informa\u00e7\u00e3o.<\/p>\n","protected":false},"excerpt":{"rendered":"<p>O governador do Cear\u00e1, Camilo Santana, e o prefeito de Fortaleza, Roberto Cl\u00e1udio, participam nesta ter\u00e7a-feira, dia 16 de abril, da inaugura\u00e7\u00e3o do Data Center da empresa Angola Cables. Tamb\u00e9m participam da solenidade o CEO global da empresa, Ant\u00f3nio Nunes, e o ministro das Telecomunica\u00e7\u00f5es e Tecnologias de Informa\u00e7\u00e3o de Angola, Jos\u00e9 Carvalho da Rocha. A inaugura\u00e7\u00e3o marca a consolida\u00e7\u00e3o do hub tecnol\u00f3gico no Cear\u00e1, que, junto com o hub a\u00e9reo Air France\/KLM\/GOL e com o hub portu\u00e1rio CIPP\/Porto&hellip;<\/p>\n","protected":false},"author":1,"featured_media":0,"comment_status":"open","ping_status":"open","sticky":false,"template":"","format":"standard","meta":{"footnotes":""},"categories":[1],"tags":[],"class_list":["post-12484","post","type-post","status-publish","format-standard","hentry","category-noticias"],"_links":{"self":[{"href":"https:\/\/blogdorogeriogomes.com.br\/noticias\/wp-json\/wp\/v2\/posts\/12484","targetHints":{"allow":["GET"]}}],"collection":[{"href":"https:\/\/blogdorogeriogomes.com.br\/noticias\/wp-json\/wp\/v2\/posts"}],"about":[{"href":"https:\/\/blogdorogeriogomes.com.br\/noticias\/wp-json\/wp\/v2\/types\/post"}],"author":[{"embeddable":true,"href":"https:\/\/blogdorogeriogomes.com.br\/noticias\/wp-json\/wp\/v2\/users\/1"}],"replies":[{"embeddable":true,"href":"https:\/\/blogdorogeriogomes.com.br\/noticias\/wp-json\/wp\/v2\/comments?post=12484"}],"version-history":[{"count":1,"href":"https:\/\/blogdorogeriogomes.com.br\/noticias\/wp-json\/wp\/v2\/posts\/12484\/revisions"}],"predecessor-version":[{"id":12486,"href":"https:\/\/blogdorogeriogomes.com.br\/noticias\/wp-json\/wp\/v2\/posts\/12484\/revisions\/12486"}],"wp:attachment":[{"href":"https:\/\/blogdorogeriogomes.com.br\/noticias\/wp-json\/wp\/v2\/media?parent=12484"}],"wp:term":[{"taxonomy":"category","embeddable":true,"href":"https:\/\/blogdorogeriogomes.com.br\/noticias\/wp-json\/wp\/v2\/categories?post=12484"},{"taxonomy":"post_tag","embeddable":true,"href":"https:\/\/blogdorogeriogomes.com.br\/noticias\/wp-json\/wp\/v2\/tags?post=12484"}],"curies":[{"name":"wp","href":"https:\/\/api.w.org\/{rel}","templated":true}]}}