{"id":12490,"date":"2019-04-16T21:27:54","date_gmt":"2019-04-16T21:27:54","guid":{"rendered":"http:\/\/blogdorogeriogomes.com.br\/?p=12490"},"modified":"2019-04-16T21:27:54","modified_gmt":"2019-04-16T21:27:54","slug":"camara-municipal-autoriza-a-criacao-de-142-novos-cargos-comissionados-em-fortaleza","status":"publish","type":"post","link":"https:\/\/blogdorogeriogomes.com.br\/noticias\/2019\/04\/camara-municipal-autoriza-a-criacao-de-142-novos-cargos-comissionados-em-fortaleza\/","title":{"rendered":"C\u00e2mara Municipal autoriza a cria\u00e7\u00e3o de 142 novos cargos comissionados em Fortaleza"},"content":{"rendered":"<p><img loading=\"lazy\" decoding=\"async\" class=\"alignnone size-medium wp-image-12491\" src=\"http:\/\/blogdorogeriogomes.com.br\/wp-content\/uploads\/2019\/04\/IMG_20190416_182518_242-300x242.jpg\" alt=\"IMG_20190416_182518_242\" width=\"300\" height=\"242\" srcset=\"https:\/\/blogdorogeriogomes.com.br\/noticias\/wp-content\/uploads\/2019\/04\/IMG_20190416_182518_242-300x242.jpg 300w, https:\/\/blogdorogeriogomes.com.br\/noticias\/wp-content\/uploads\/2019\/04\/IMG_20190416_182518_242-768x618.jpg 768w, https:\/\/blogdorogeriogomes.com.br\/noticias\/wp-content\/uploads\/2019\/04\/IMG_20190416_182518_242-1024x824.jpg 1024w, https:\/\/blogdorogeriogomes.com.br\/noticias\/wp-content\/uploads\/2019\/04\/IMG_20190416_182518_242.jpg 1822w\" sizes=\"auto, (max-width: 300px) 100vw, 300px\" \/><\/p>\n<p>As \u00e1reas da sa\u00fade e educa\u00e7\u00e3o p\u00fablica em Fortaleza ganharam 142 novos cargos comissionados. A contrata\u00e7\u00e3o dos novos servidores foi aprovada pela C\u00e2mara Municipal, nesta ter\u00e7a-feira, dia 16 de abril. A Prefeitura justifica a cria\u00e7\u00e3o dos cargos na educa\u00e7\u00e3o, devido ao surgimento de novos equipamentos p\u00fablicos. A rede escolar da Capital est\u00e1 sendo ampliada com 53 novos equipamentos, sendo 46 novas escolas e sete transferidas de Maracana\u00fa para a Capital, devido a altera\u00e7\u00e3o dos limites municipais entre as duas cidades.<br \/>\nNa sa\u00fade, o Munic\u00edpio criar\u00e1 16 cargos para o setor de sa\u00fade mental, sendo 15 para gestor dos centros de aten\u00e7\u00e3o psicossocial e um para gestor de unidade de acolhimento.<br \/>\nO impacto financeiro, de acordo com a mensagem aprovada pela C\u00e2mara Municipal, \u00e9 da ordem de R$ 401.420,88 por m\u00eas.<\/p>\n","protected":false},"excerpt":{"rendered":"<p>As \u00e1reas da sa\u00fade e educa\u00e7\u00e3o p\u00fablica em Fortaleza ganharam 142 novos cargos comissionados. A contrata\u00e7\u00e3o dos novos servidores foi aprovada pela C\u00e2mara Municipal, nesta ter\u00e7a-feira, dia 16 de abril. A Prefeitura justifica a cria\u00e7\u00e3o dos cargos na educa\u00e7\u00e3o, devido ao surgimento de novos equipamentos p\u00fablicos. A rede escolar da Capital est\u00e1 sendo ampliada com 53 novos equipamentos, sendo 46 novas escolas e sete transferidas de Maracana\u00fa para a Capital, devido a altera\u00e7\u00e3o dos limites municipais entre as duas&hellip;<\/p>\n","protected":false},"author":1,"featured_media":0,"comment_status":"open","ping_status":"open","sticky":false,"template":"","format":"standard","meta":{"footnotes":""},"categories":[1],"tags":[],"class_list":["post-12490","post","type-post","status-publish","format-standard","hentry","category-noticias"],"_links":{"self":[{"href":"https:\/\/blogdorogeriogomes.com.br\/noticias\/wp-json\/wp\/v2\/posts\/12490","targetHints":{"allow":["GET"]}}],"collection":[{"href":"https:\/\/blogdorogeriogomes.com.br\/noticias\/wp-json\/wp\/v2\/posts"}],"about":[{"href":"https:\/\/blogdorogeriogomes.com.br\/noticias\/wp-json\/wp\/v2\/types\/post"}],"author":[{"embeddable":true,"href":"https:\/\/blogdorogeriogomes.com.br\/noticias\/wp-json\/wp\/v2\/users\/1"}],"replies":[{"embeddable":true,"href":"https:\/\/blogdorogeriogomes.com.br\/noticias\/wp-json\/wp\/v2\/comments?post=12490"}],"version-history":[{"count":1,"href":"https:\/\/blogdorogeriogomes.com.br\/noticias\/wp-json\/wp\/v2\/posts\/12490\/revisions"}],"predecessor-version":[{"id":12492,"href":"https:\/\/blogdorogeriogomes.com.br\/noticias\/wp-json\/wp\/v2\/posts\/12490\/revisions\/12492"}],"wp:attachment":[{"href":"https:\/\/blogdorogeriogomes.com.br\/noticias\/wp-json\/wp\/v2\/media?parent=12490"}],"wp:term":[{"taxonomy":"category","embeddable":true,"href":"https:\/\/blogdorogeriogomes.com.br\/noticias\/wp-json\/wp\/v2\/categories?post=12490"},{"taxonomy":"post_tag","embeddable":true,"href":"https:\/\/blogdorogeriogomes.com.br\/noticias\/wp-json\/wp\/v2\/tags?post=12490"}],"curies":[{"name":"wp","href":"https:\/\/api.w.org\/{rel}","templated":true}]}}