{"id":12494,"date":"2019-04-17T09:09:51","date_gmt":"2019-04-17T09:09:51","guid":{"rendered":"http:\/\/blogdorogeriogomes.com.br\/?p=12494"},"modified":"2019-04-17T09:09:51","modified_gmt":"2019-04-17T09:09:51","slug":"governo-estadual-vai-destinar-r-150-milhoes-para-recuperacao-de-ces-danificadas","status":"publish","type":"post","link":"https:\/\/blogdorogeriogomes.com.br\/noticias\/2019\/04\/governo-estadual-vai-destinar-r-150-milhoes-para-recuperacao-de-ces-danificadas\/","title":{"rendered":"Governo estadual vai destinar R$ 150 milh\u00f5es para recupera\u00e7\u00e3o de CEs danificadas"},"content":{"rendered":"<p><img loading=\"lazy\" decoding=\"async\" class=\"alignnone size-medium wp-image-12495\" src=\"http:\/\/blogdorogeriogomes.com.br\/wp-content\/uploads\/2019\/04\/IMG_20190417_060618_749-300x226.jpg\" alt=\"IMG_20190417_060618_749\" width=\"300\" height=\"226\" srcset=\"https:\/\/blogdorogeriogomes.com.br\/noticias\/wp-content\/uploads\/2019\/04\/IMG_20190417_060618_749-300x226.jpg 300w, https:\/\/blogdorogeriogomes.com.br\/noticias\/wp-content\/uploads\/2019\/04\/IMG_20190417_060618_749.jpg 600w\" sizes=\"auto, (max-width: 300px) 100vw, 300px\" \/><\/p>\n<p>Diante do quadro de muitas chuvas no interior, que v\u00eam provocando estragos na malha vi\u00e1ria cearense, o governador do Cear\u00e1, Camilo Santana, confirmou um investimento de R$ 150 milh\u00f5es para a recupera\u00e7\u00e3o das CEs. Camilo diz j\u00e1 estar de posse de um relat\u00f3rio do Departamento Estadual de Rodovias sobre a situa\u00e7\u00e3o das estradas e onde deve haver prioridade na recupera\u00e7\u00e3o. Haver\u00e1 uma opera\u00e7\u00e3o tapa-buraco, mas em alguns casos, a rodovia ter\u00e1 de ser refeita.<br \/>\nNeste m\u00eas de abril, j\u00e1 choveu 71% da m\u00e9dia hist\u00f3rica do per\u00edodo no Cear\u00e1. A intensifica\u00e7\u00e3o nas precipita\u00e7\u00f5es tem causado problemas em v\u00e1rias rodovias estaduais. Os servi\u00e7os do DER s\u00f3 ser\u00e3o iniciados ap\u00f3s o fim da quadra chuvosa, que deve encerrar em maio.<\/p>\n","protected":false},"excerpt":{"rendered":"<p>Diante do quadro de muitas chuvas no interior, que v\u00eam provocando estragos na malha vi\u00e1ria cearense, o governador do Cear\u00e1, Camilo Santana, confirmou um investimento de R$ 150 milh\u00f5es para a recupera\u00e7\u00e3o das CEs. Camilo diz j\u00e1 estar de posse de um relat\u00f3rio do Departamento Estadual de Rodovias sobre a situa\u00e7\u00e3o das estradas e onde deve haver prioridade na recupera\u00e7\u00e3o. Haver\u00e1 uma opera\u00e7\u00e3o tapa-buraco, mas em alguns casos, a rodovia ter\u00e1 de ser refeita. Neste m\u00eas de abril, j\u00e1&hellip;<\/p>\n","protected":false},"author":1,"featured_media":0,"comment_status":"open","ping_status":"open","sticky":false,"template":"","format":"standard","meta":{"footnotes":""},"categories":[1],"tags":[],"class_list":["post-12494","post","type-post","status-publish","format-standard","hentry","category-noticias"],"_links":{"self":[{"href":"https:\/\/blogdorogeriogomes.com.br\/noticias\/wp-json\/wp\/v2\/posts\/12494","targetHints":{"allow":["GET"]}}],"collection":[{"href":"https:\/\/blogdorogeriogomes.com.br\/noticias\/wp-json\/wp\/v2\/posts"}],"about":[{"href":"https:\/\/blogdorogeriogomes.com.br\/noticias\/wp-json\/wp\/v2\/types\/post"}],"author":[{"embeddable":true,"href":"https:\/\/blogdorogeriogomes.com.br\/noticias\/wp-json\/wp\/v2\/users\/1"}],"replies":[{"embeddable":true,"href":"https:\/\/blogdorogeriogomes.com.br\/noticias\/wp-json\/wp\/v2\/comments?post=12494"}],"version-history":[{"count":1,"href":"https:\/\/blogdorogeriogomes.com.br\/noticias\/wp-json\/wp\/v2\/posts\/12494\/revisions"}],"predecessor-version":[{"id":12496,"href":"https:\/\/blogdorogeriogomes.com.br\/noticias\/wp-json\/wp\/v2\/posts\/12494\/revisions\/12496"}],"wp:attachment":[{"href":"https:\/\/blogdorogeriogomes.com.br\/noticias\/wp-json\/wp\/v2\/media?parent=12494"}],"wp:term":[{"taxonomy":"category","embeddable":true,"href":"https:\/\/blogdorogeriogomes.com.br\/noticias\/wp-json\/wp\/v2\/categories?post=12494"},{"taxonomy":"post_tag","embeddable":true,"href":"https:\/\/blogdorogeriogomes.com.br\/noticias\/wp-json\/wp\/v2\/tags?post=12494"}],"curies":[{"name":"wp","href":"https:\/\/api.w.org\/{rel}","templated":true}]}}