{"id":12497,"date":"2019-04-17T09:30:01","date_gmt":"2019-04-17T09:30:01","guid":{"rendered":"http:\/\/blogdorogeriogomes.com.br\/?p=12497"},"modified":"2019-04-17T09:30:01","modified_gmt":"2019-04-17T09:30:01","slug":"reuniao-da-bancada-nordestina-em-brasilia-mostrou-cenario-preocupante-sobre-futuro-do-bnb","status":"publish","type":"post","link":"https:\/\/blogdorogeriogomes.com.br\/noticias\/2019\/04\/reuniao-da-bancada-nordestina-em-brasilia-mostrou-cenario-preocupante-sobre-futuro-do-bnb\/","title":{"rendered":"Reuni\u00e3o da bancada nordestina em Bras\u00edlia mostrou cen\u00e1rio preocupante sobre futuro do BNB"},"content":{"rendered":"<p><img loading=\"lazy\" decoding=\"async\" class=\"alignnone size-medium wp-image-12498\" src=\"http:\/\/blogdorogeriogomes.com.br\/wp-content\/uploads\/2019\/04\/IMG_20190417_062547_363-300x261.jpg\" alt=\"IMG_20190417_062547_363\" width=\"300\" height=\"261\" srcset=\"https:\/\/blogdorogeriogomes.com.br\/noticias\/wp-content\/uploads\/2019\/04\/IMG_20190417_062547_363-300x261.jpg 300w, https:\/\/blogdorogeriogomes.com.br\/noticias\/wp-content\/uploads\/2019\/04\/IMG_20190417_062547_363-768x668.jpg 768w, https:\/\/blogdorogeriogomes.com.br\/noticias\/wp-content\/uploads\/2019\/04\/IMG_20190417_062547_363-1024x890.jpg 1024w, https:\/\/blogdorogeriogomes.com.br\/noticias\/wp-content\/uploads\/2019\/04\/IMG_20190417_062547_363.jpg 1104w\" sizes=\"auto, (max-width: 300px) 100vw, 300px\" \/><br \/>\nA reuni\u00e3o da frente nordestina de parlamentares em Bras\u00edlia, com os presidentes do Senado e da C\u00e2mara Federal, nesta ter\u00e7a-feira, dia 16 de abril, n\u00e3o trouxe um cen\u00e1rio muito positivo sobre o futuro do Banco do Nordeste do Brasil (BNB) e de outro \u00f3rg\u00e3os ligados ao Governo Federal. Diante das \u00faltimas medidas do presidente Jair Bolsonaro em acabar com v\u00e1rios conselhos sociais e da inten\u00e7\u00e3o de privatizar o que tiver pela frente, o BNB pode estar na mira.<br \/>\nNo encontro com o presidente da C\u00e2mara dos Deputados, Rodrigo Maia (DEM-RJ), com o presidente do Senado Federal, Davi Alcolumbre (DEM-AP), com Vicente Santini, e com o secret\u00e1rio de Onyx Lorenzoni (DEM-RS), chefe da Casa Civil, representantes das nove Assembleias Legislativas do Nordeste ouviram boas inten\u00e7\u00f5es, mas tra\u00e7ando cen\u00e1rios pouco otimistas.<br \/>\nApesar de Davi Alcolumbre demonstrar interesse em apoiar a bandeira da bancada, inclusive propondo que ampliassem a frente parlamentar do Nordeste para uma frente Norte-Nordeste, o presidente da C\u00e2mara, Rodrigo Maia, n\u00e3o foi t\u00e3o receptivo. A reuni\u00e3o com Alcolumbre durou cerca de uma hora, enquanto com Maia n\u00e3o passou de 20 minutos. \u201cEle acha que seria absolutamente tranquilo e normal a fus\u00e3o do Banco do Nordeste com o BNDES\u201d, afirmou o deputado Acr\u00edsio Sena (PT).<\/p>\n","protected":false},"excerpt":{"rendered":"<p>A reuni\u00e3o da frente nordestina de parlamentares em Bras\u00edlia, com os presidentes do Senado e da C\u00e2mara Federal, nesta ter\u00e7a-feira, dia 16 de abril, n\u00e3o trouxe um cen\u00e1rio muito positivo sobre o futuro do Banco do Nordeste do Brasil (BNB) e de outro \u00f3rg\u00e3os ligados ao Governo Federal. Diante das \u00faltimas medidas do presidente Jair Bolsonaro em acabar com v\u00e1rios conselhos sociais e da inten\u00e7\u00e3o de privatizar o que tiver pela frente, o BNB pode estar na mira. No&hellip;<\/p>\n","protected":false},"author":1,"featured_media":0,"comment_status":"open","ping_status":"open","sticky":false,"template":"","format":"standard","meta":{"footnotes":""},"categories":[1],"tags":[],"class_list":["post-12497","post","type-post","status-publish","format-standard","hentry","category-noticias"],"_links":{"self":[{"href":"https:\/\/blogdorogeriogomes.com.br\/noticias\/wp-json\/wp\/v2\/posts\/12497","targetHints":{"allow":["GET"]}}],"collection":[{"href":"https:\/\/blogdorogeriogomes.com.br\/noticias\/wp-json\/wp\/v2\/posts"}],"about":[{"href":"https:\/\/blogdorogeriogomes.com.br\/noticias\/wp-json\/wp\/v2\/types\/post"}],"author":[{"embeddable":true,"href":"https:\/\/blogdorogeriogomes.com.br\/noticias\/wp-json\/wp\/v2\/users\/1"}],"replies":[{"embeddable":true,"href":"https:\/\/blogdorogeriogomes.com.br\/noticias\/wp-json\/wp\/v2\/comments?post=12497"}],"version-history":[{"count":1,"href":"https:\/\/blogdorogeriogomes.com.br\/noticias\/wp-json\/wp\/v2\/posts\/12497\/revisions"}],"predecessor-version":[{"id":12499,"href":"https:\/\/blogdorogeriogomes.com.br\/noticias\/wp-json\/wp\/v2\/posts\/12497\/revisions\/12499"}],"wp:attachment":[{"href":"https:\/\/blogdorogeriogomes.com.br\/noticias\/wp-json\/wp\/v2\/media?parent=12497"}],"wp:term":[{"taxonomy":"category","embeddable":true,"href":"https:\/\/blogdorogeriogomes.com.br\/noticias\/wp-json\/wp\/v2\/categories?post=12497"},{"taxonomy":"post_tag","embeddable":true,"href":"https:\/\/blogdorogeriogomes.com.br\/noticias\/wp-json\/wp\/v2\/tags?post=12497"}],"curies":[{"name":"wp","href":"https:\/\/api.w.org\/{rel}","templated":true}]}}