{"id":12500,"date":"2019-04-17T11:49:48","date_gmt":"2019-04-17T11:49:48","guid":{"rendered":"http:\/\/blogdorogeriogomes.com.br\/?p=12500"},"modified":"2019-04-17T11:49:48","modified_gmt":"2019-04-17T11:49:48","slug":"caminhoneiros-marcam-paralisacao-para-21-de-maio-caso-oleo-diesel-seja-reajustado","status":"publish","type":"post","link":"https:\/\/blogdorogeriogomes.com.br\/noticias\/2019\/04\/caminhoneiros-marcam-paralisacao-para-21-de-maio-caso-oleo-diesel-seja-reajustado\/","title":{"rendered":"Caminhoneiros marcam paralisa\u00e7\u00e3o para 21 de maio, caso \u00f3leo diesel seja reajustado"},"content":{"rendered":"<p><img loading=\"lazy\" decoding=\"async\" class=\"alignnone size-medium wp-image-12501\" src=\"http:\/\/blogdorogeriogomes.com.br\/wp-content\/uploads\/2019\/04\/IMG_20190417_084557_221-300x200.jpg\" alt=\"IMG_20190417_084557_221\" width=\"300\" height=\"200\" srcset=\"https:\/\/blogdorogeriogomes.com.br\/noticias\/wp-content\/uploads\/2019\/04\/IMG_20190417_084557_221-300x200.jpg 300w, https:\/\/blogdorogeriogomes.com.br\/noticias\/wp-content\/uploads\/2019\/04\/IMG_20190417_084557_221.jpg 680w\" sizes=\"auto, (max-width: 300px) 100vw, 300px\" \/><\/p>\n<p>O aviso j\u00e1 foi dado ao Pal\u00e1cio do Planalto em reuni\u00f5es recentes. N\u00e3o a toa, o Governo Federal busca anunciar apoio financeiro aos caminhoneiros e recupera\u00e7\u00e3o de estradas federais. Mesmo assim, os caminhoneiros est\u00e3o organizando nova paralisa\u00e7\u00e3o nacional para 21 de maio, quando se completa um ano da greve que abalou o governo de Michel Temer em 2018. O movimento acontecer\u00e1 se houver qualquer reajuste no \u00f3leo diesel e se o piso m\u00ednimo do frete continuar a ser desobedecido.<br \/>\n&#8220;Se o diesel aumentar um centavo que seja e n\u00e3o houver efetiva fiscaliza\u00e7\u00e3o da aplica\u00e7\u00e3o do piso, a gente para no dia 21, quando a greve do ano passado completar\u00e1 um ano&#8221;, garante o caminhoneiro Wanderlei Alves, o Ded\u00e9co, de Curitiba (PR), um dos integrantes da rede de lideran\u00e7as da categoria, em entrevista ao jornal Valor Econ\u00f4mico.<\/p>\n","protected":false},"excerpt":{"rendered":"<p>O aviso j\u00e1 foi dado ao Pal\u00e1cio do Planalto em reuni\u00f5es recentes. N\u00e3o a toa, o Governo Federal busca anunciar apoio financeiro aos caminhoneiros e recupera\u00e7\u00e3o de estradas federais. Mesmo assim, os caminhoneiros est\u00e3o organizando nova paralisa\u00e7\u00e3o nacional para 21 de maio, quando se completa um ano da greve que abalou o governo de Michel Temer em 2018. O movimento acontecer\u00e1 se houver qualquer reajuste no \u00f3leo diesel e se o piso m\u00ednimo do frete continuar a ser desobedecido.&hellip;<\/p>\n","protected":false},"author":1,"featured_media":0,"comment_status":"open","ping_status":"open","sticky":false,"template":"","format":"standard","meta":{"footnotes":""},"categories":[1],"tags":[],"class_list":["post-12500","post","type-post","status-publish","format-standard","hentry","category-noticias"],"_links":{"self":[{"href":"https:\/\/blogdorogeriogomes.com.br\/noticias\/wp-json\/wp\/v2\/posts\/12500","targetHints":{"allow":["GET"]}}],"collection":[{"href":"https:\/\/blogdorogeriogomes.com.br\/noticias\/wp-json\/wp\/v2\/posts"}],"about":[{"href":"https:\/\/blogdorogeriogomes.com.br\/noticias\/wp-json\/wp\/v2\/types\/post"}],"author":[{"embeddable":true,"href":"https:\/\/blogdorogeriogomes.com.br\/noticias\/wp-json\/wp\/v2\/users\/1"}],"replies":[{"embeddable":true,"href":"https:\/\/blogdorogeriogomes.com.br\/noticias\/wp-json\/wp\/v2\/comments?post=12500"}],"version-history":[{"count":1,"href":"https:\/\/blogdorogeriogomes.com.br\/noticias\/wp-json\/wp\/v2\/posts\/12500\/revisions"}],"predecessor-version":[{"id":12502,"href":"https:\/\/blogdorogeriogomes.com.br\/noticias\/wp-json\/wp\/v2\/posts\/12500\/revisions\/12502"}],"wp:attachment":[{"href":"https:\/\/blogdorogeriogomes.com.br\/noticias\/wp-json\/wp\/v2\/media?parent=12500"}],"wp:term":[{"taxonomy":"category","embeddable":true,"href":"https:\/\/blogdorogeriogomes.com.br\/noticias\/wp-json\/wp\/v2\/categories?post=12500"},{"taxonomy":"post_tag","embeddable":true,"href":"https:\/\/blogdorogeriogomes.com.br\/noticias\/wp-json\/wp\/v2\/tags?post=12500"}],"curies":[{"name":"wp","href":"https:\/\/api.w.org\/{rel}","templated":true}]}}