{"id":12503,"date":"2019-04-17T11:57:23","date_gmt":"2019-04-17T11:57:23","guid":{"rendered":"http:\/\/blogdorogeriogomes.com.br\/?p=12503"},"modified":"2019-04-17T11:57:23","modified_gmt":"2019-04-17T11:57:23","slug":"fiec-elege-ricardo-cavalcante-que-assumira-entidade-em-setembro","status":"publish","type":"post","link":"https:\/\/blogdorogeriogomes.com.br\/noticias\/2019\/04\/fiec-elege-ricardo-cavalcante-que-assumira-entidade-em-setembro\/","title":{"rendered":"Fiec elege Ricardo Cavalcante que assumir\u00e1 entidade em setembro"},"content":{"rendered":"<p><img loading=\"lazy\" decoding=\"async\" class=\"alignnone size-medium wp-image-12504\" src=\"http:\/\/blogdorogeriogomes.com.br\/wp-content\/uploads\/2019\/04\/image-300x169.png\" alt=\"image\" width=\"300\" height=\"169\" srcset=\"https:\/\/blogdorogeriogomes.com.br\/noticias\/wp-content\/uploads\/2019\/04\/image-300x169.png 300w, https:\/\/blogdorogeriogomes.com.br\/noticias\/wp-content\/uploads\/2019\/04\/image.png 400w\" sizes=\"auto, (max-width: 300px) 100vw, 300px\" \/><br \/>\nO empres\u00e1rio Ricardo Cavalcante foi eleito nesta ter\u00e7a-feira, dia 16 de abril, por aclama\u00e7\u00e3o e assumir\u00e1 a presid\u00eancia da Federa\u00e7\u00e3o das Ind\u00fastrias do Estado do Cear\u00e1 (Fiec). OOm andat come\u00e7a no pr\u00f3ximo dia 23 de setembro. Ricardo<span style=\"font-size: 0.8rem;\">\u00a0Cavalcante assumir\u00e1 o posto do atual presidente da Fiec, Beto Studart, e ter\u00e1 como vice-presidentes Tom Prado e Andr\u00e9 Montenegro.<\/span><\/p>\n<p>Eleito por aclama\u00e7\u00e3o para a presid\u00eancia da Federa\u00e7\u00e3o das Ind\u00fastrias do Estado do Cear\u00e1 (Fiec), o empres\u00e1rio Ricardo Cavalcante recebeu a confian\u00e7a dos 39 presidentes de sindicatos filiados \u00e0 Fiec, que depositam nele a esperan\u00e7a de superar gargalos para que a ind\u00fastria no Cear\u00e1 volte a crescer.<\/p>\n","protected":false},"excerpt":{"rendered":"<p>O empres\u00e1rio Ricardo Cavalcante foi eleito nesta ter\u00e7a-feira, dia 16 de abril, por aclama\u00e7\u00e3o e assumir\u00e1 a presid\u00eancia da Federa\u00e7\u00e3o das Ind\u00fastrias do Estado do Cear\u00e1 (Fiec). OOm andat come\u00e7a no pr\u00f3ximo dia 23 de setembro. Ricardo\u00a0Cavalcante assumir\u00e1 o posto do atual presidente da Fiec, Beto Studart, e ter\u00e1 como vice-presidentes Tom Prado e Andr\u00e9 Montenegro. Eleito por aclama\u00e7\u00e3o para a presid\u00eancia da Federa\u00e7\u00e3o das Ind\u00fastrias do Estado do Cear\u00e1 (Fiec), o empres\u00e1rio Ricardo Cavalcante recebeu a confian\u00e7a dos&hellip;<\/p>\n","protected":false},"author":1,"featured_media":0,"comment_status":"open","ping_status":"open","sticky":false,"template":"","format":"standard","meta":{"footnotes":""},"categories":[1],"tags":[],"class_list":["post-12503","post","type-post","status-publish","format-standard","hentry","category-noticias"],"_links":{"self":[{"href":"https:\/\/blogdorogeriogomes.com.br\/noticias\/wp-json\/wp\/v2\/posts\/12503","targetHints":{"allow":["GET"]}}],"collection":[{"href":"https:\/\/blogdorogeriogomes.com.br\/noticias\/wp-json\/wp\/v2\/posts"}],"about":[{"href":"https:\/\/blogdorogeriogomes.com.br\/noticias\/wp-json\/wp\/v2\/types\/post"}],"author":[{"embeddable":true,"href":"https:\/\/blogdorogeriogomes.com.br\/noticias\/wp-json\/wp\/v2\/users\/1"}],"replies":[{"embeddable":true,"href":"https:\/\/blogdorogeriogomes.com.br\/noticias\/wp-json\/wp\/v2\/comments?post=12503"}],"version-history":[{"count":1,"href":"https:\/\/blogdorogeriogomes.com.br\/noticias\/wp-json\/wp\/v2\/posts\/12503\/revisions"}],"predecessor-version":[{"id":12505,"href":"https:\/\/blogdorogeriogomes.com.br\/noticias\/wp-json\/wp\/v2\/posts\/12503\/revisions\/12505"}],"wp:attachment":[{"href":"https:\/\/blogdorogeriogomes.com.br\/noticias\/wp-json\/wp\/v2\/media?parent=12503"}],"wp:term":[{"taxonomy":"category","embeddable":true,"href":"https:\/\/blogdorogeriogomes.com.br\/noticias\/wp-json\/wp\/v2\/categories?post=12503"},{"taxonomy":"post_tag","embeddable":true,"href":"https:\/\/blogdorogeriogomes.com.br\/noticias\/wp-json\/wp\/v2\/tags?post=12503"}],"curies":[{"name":"wp","href":"https:\/\/api.w.org\/{rel}","templated":true}]}}