{"id":12513,"date":"2019-04-18T21:21:42","date_gmt":"2019-04-18T21:21:42","guid":{"rendered":"http:\/\/blogdorogeriogomes.com.br\/?p=12513"},"modified":"2019-04-18T21:21:42","modified_gmt":"2019-04-18T21:21:42","slug":"moraes-recua-e-libera-reportagem-censurada-que-cita-dias-toffoli","status":"publish","type":"post","link":"https:\/\/blogdorogeriogomes.com.br\/noticias\/2019\/04\/moraes-recua-e-libera-reportagem-censurada-que-cita-dias-toffoli\/","title":{"rendered":"Moraes recua e libera reportagem censurada que cita Dias Toffoli"},"content":{"rendered":"<p><img loading=\"lazy\" decoding=\"async\" class=\"alignnone size-medium wp-image-12514\" src=\"http:\/\/blogdorogeriogomes.com.br\/wp-content\/uploads\/2019\/04\/IMG_20190418_181523_386-300x300.jpg\" alt=\"IMG_20190418_181523_386\" width=\"300\" height=\"300\" srcset=\"https:\/\/blogdorogeriogomes.com.br\/noticias\/wp-content\/uploads\/2019\/04\/IMG_20190418_181523_386-300x300.jpg 300w, https:\/\/blogdorogeriogomes.com.br\/noticias\/wp-content\/uploads\/2019\/04\/IMG_20190418_181523_386-150x150.jpg 150w, https:\/\/blogdorogeriogomes.com.br\/noticias\/wp-content\/uploads\/2019\/04\/IMG_20190418_181523_386.jpg 600w\" sizes=\"auto, (max-width: 300px) 100vw, 300px\" \/><\/p>\n<p>Ap\u00f3s cr\u00edticas vindas de todos os lados, o ministro Alexandre de Moraes, do Supremo Tribunal Federal, revogou nesta quinta-feira, dia 18 de abril, a decis\u00e3o dele pr\u00f3prio que censurou os sites da revista Cruso\u00e9 e O Antagonista ap\u00f3s publicarem reportagens sobre o presidente da STF, Dias Toffoli. O recuo de Alexandre de Moraes evita mais desgaste para ele e Toffoli, que ficaram isolados na defesa da decis\u00e3o.<br \/>\nRelator de inqu\u00e9rito aberto para apurar \u201cfake news\u201d, ofensas e amea\u00e7as contra o Supremo, Moraes determinou na segunda-feira passada, dia 15, que fossem retiradas do ar reportagens que faziam men\u00e7\u00e3o ao apelido de Toffoli na Odebrecht. A ordem foi dada ap\u00f3s um pedido de provid\u00eancias do ministro.<\/p>\n","protected":false},"excerpt":{"rendered":"<p>Ap\u00f3s cr\u00edticas vindas de todos os lados, o ministro Alexandre de Moraes, do Supremo Tribunal Federal, revogou nesta quinta-feira, dia 18 de abril, a decis\u00e3o dele pr\u00f3prio que censurou os sites da revista Cruso\u00e9 e O Antagonista ap\u00f3s publicarem reportagens sobre o presidente da STF, Dias Toffoli. O recuo de Alexandre de Moraes evita mais desgaste para ele e Toffoli, que ficaram isolados na defesa da decis\u00e3o. Relator de inqu\u00e9rito aberto para apurar \u201cfake news\u201d, ofensas e amea\u00e7as contra&hellip;<\/p>\n","protected":false},"author":1,"featured_media":0,"comment_status":"open","ping_status":"open","sticky":false,"template":"","format":"standard","meta":{"footnotes":""},"categories":[1],"tags":[],"class_list":["post-12513","post","type-post","status-publish","format-standard","hentry","category-noticias"],"_links":{"self":[{"href":"https:\/\/blogdorogeriogomes.com.br\/noticias\/wp-json\/wp\/v2\/posts\/12513","targetHints":{"allow":["GET"]}}],"collection":[{"href":"https:\/\/blogdorogeriogomes.com.br\/noticias\/wp-json\/wp\/v2\/posts"}],"about":[{"href":"https:\/\/blogdorogeriogomes.com.br\/noticias\/wp-json\/wp\/v2\/types\/post"}],"author":[{"embeddable":true,"href":"https:\/\/blogdorogeriogomes.com.br\/noticias\/wp-json\/wp\/v2\/users\/1"}],"replies":[{"embeddable":true,"href":"https:\/\/blogdorogeriogomes.com.br\/noticias\/wp-json\/wp\/v2\/comments?post=12513"}],"version-history":[{"count":1,"href":"https:\/\/blogdorogeriogomes.com.br\/noticias\/wp-json\/wp\/v2\/posts\/12513\/revisions"}],"predecessor-version":[{"id":12515,"href":"https:\/\/blogdorogeriogomes.com.br\/noticias\/wp-json\/wp\/v2\/posts\/12513\/revisions\/12515"}],"wp:attachment":[{"href":"https:\/\/blogdorogeriogomes.com.br\/noticias\/wp-json\/wp\/v2\/media?parent=12513"}],"wp:term":[{"taxonomy":"category","embeddable":true,"href":"https:\/\/blogdorogeriogomes.com.br\/noticias\/wp-json\/wp\/v2\/categories?post=12513"},{"taxonomy":"post_tag","embeddable":true,"href":"https:\/\/blogdorogeriogomes.com.br\/noticias\/wp-json\/wp\/v2\/tags?post=12513"}],"curies":[{"name":"wp","href":"https:\/\/api.w.org\/{rel}","templated":true}]}}