{"id":12516,"date":"2019-04-18T21:33:45","date_gmt":"2019-04-18T21:33:45","guid":{"rendered":"http:\/\/blogdorogeriogomes.com.br\/?p=12516"},"modified":"2019-04-18T21:33:45","modified_gmt":"2019-04-18T21:33:45","slug":"funceme-preve-a-possibilidade-de-chuvas-em-varias-regioes-do-ceara-no-feriadao","status":"publish","type":"post","link":"https:\/\/blogdorogeriogomes.com.br\/noticias\/2019\/04\/funceme-preve-a-possibilidade-de-chuvas-em-varias-regioes-do-ceara-no-feriadao\/","title":{"rendered":"Funceme prev\u00ea a possibilidade de chuvas em v\u00e1rias regi\u00f5es do Cear\u00e1 no feriad\u00e3o"},"content":{"rendered":"<p><img loading=\"lazy\" decoding=\"async\" class=\"alignnone size-medium wp-image-12517\" src=\"http:\/\/blogdorogeriogomes.com.br\/wp-content\/uploads\/2019\/04\/IMG_20190418_183043_856-300x219.jpg\" alt=\"IMG_20190418_183043_856\" width=\"300\" height=\"219\" srcset=\"https:\/\/blogdorogeriogomes.com.br\/noticias\/wp-content\/uploads\/2019\/04\/IMG_20190418_183043_856-300x219.jpg 300w, https:\/\/blogdorogeriogomes.com.br\/noticias\/wp-content\/uploads\/2019\/04\/IMG_20190418_183043_856.jpg 611w\" sizes=\"auto, (max-width: 300px) 100vw, 300px\" \/><\/p>\n<p>A Funda\u00e7\u00e3o Cearense de Meteorologia e Recursos H\u00eddricos (Funceme) prev\u00ea possibilidade de chuvas em v\u00e1rias regi\u00f5es do Cear\u00e1 durante o feriad\u00e3o da P\u00e1scoa. Para esta sexta-feira, dia 19 de abril, a previs\u00e3o \u00e9 de nebulosidade vari\u00e1vel com eventos de chuva no Centro Norte cearense e chuvas isoladas para a Regi\u00e3o Sul. J\u00e1 para o s\u00e1bado, dia 20, a previs\u00e3o \u00e9 de nebulosidade vari\u00e1vel com eventos de chuva em todas as regi\u00f5es do Estado.<br \/>\nA forma\u00e7\u00e3o de nuvens mais significativas acontece no litoral cearense, pois est\u00e3o associadas \u00e0 proximidade da Zona de Converg\u00eancia Intertropical, que se encontra na parte de cima do Nordeste, colaborando para a ocorr\u00eancia de chuva nas macrorregi\u00f5es cearenses do Centro-Norte do Estado.<\/p>\n","protected":false},"excerpt":{"rendered":"<p>A Funda\u00e7\u00e3o Cearense de Meteorologia e Recursos H\u00eddricos (Funceme) prev\u00ea possibilidade de chuvas em v\u00e1rias regi\u00f5es do Cear\u00e1 durante o feriad\u00e3o da P\u00e1scoa. Para esta sexta-feira, dia 19 de abril, a previs\u00e3o \u00e9 de nebulosidade vari\u00e1vel com eventos de chuva no Centro Norte cearense e chuvas isoladas para a Regi\u00e3o Sul. J\u00e1 para o s\u00e1bado, dia 20, a previs\u00e3o \u00e9 de nebulosidade vari\u00e1vel com eventos de chuva em todas as regi\u00f5es do Estado. A forma\u00e7\u00e3o de nuvens mais significativas&hellip;<\/p>\n","protected":false},"author":1,"featured_media":0,"comment_status":"open","ping_status":"open","sticky":false,"template":"","format":"standard","meta":{"footnotes":""},"categories":[1],"tags":[],"class_list":["post-12516","post","type-post","status-publish","format-standard","hentry","category-noticias"],"_links":{"self":[{"href":"https:\/\/blogdorogeriogomes.com.br\/noticias\/wp-json\/wp\/v2\/posts\/12516","targetHints":{"allow":["GET"]}}],"collection":[{"href":"https:\/\/blogdorogeriogomes.com.br\/noticias\/wp-json\/wp\/v2\/posts"}],"about":[{"href":"https:\/\/blogdorogeriogomes.com.br\/noticias\/wp-json\/wp\/v2\/types\/post"}],"author":[{"embeddable":true,"href":"https:\/\/blogdorogeriogomes.com.br\/noticias\/wp-json\/wp\/v2\/users\/1"}],"replies":[{"embeddable":true,"href":"https:\/\/blogdorogeriogomes.com.br\/noticias\/wp-json\/wp\/v2\/comments?post=12516"}],"version-history":[{"count":1,"href":"https:\/\/blogdorogeriogomes.com.br\/noticias\/wp-json\/wp\/v2\/posts\/12516\/revisions"}],"predecessor-version":[{"id":12518,"href":"https:\/\/blogdorogeriogomes.com.br\/noticias\/wp-json\/wp\/v2\/posts\/12516\/revisions\/12518"}],"wp:attachment":[{"href":"https:\/\/blogdorogeriogomes.com.br\/noticias\/wp-json\/wp\/v2\/media?parent=12516"}],"wp:term":[{"taxonomy":"category","embeddable":true,"href":"https:\/\/blogdorogeriogomes.com.br\/noticias\/wp-json\/wp\/v2\/categories?post=12516"},{"taxonomy":"post_tag","embeddable":true,"href":"https:\/\/blogdorogeriogomes.com.br\/noticias\/wp-json\/wp\/v2\/tags?post=12516"}],"curies":[{"name":"wp","href":"https:\/\/api.w.org\/{rel}","templated":true}]}}